{"id":6649,"date":"2020-04-17T15:00:06","date_gmt":"2020-04-17T18:00:06","guid":{"rendered":"http:\/\/www.topinfo.com.ar\/?p=6649"},"modified":"2020-04-17T15:00:06","modified_gmt":"2020-04-17T18:00:06","slug":"chile-estiman-aumento-del-6-en-campana-de-exportacion-de-citricos-2020","status":"publish","type":"post","link":"http:\/\/www.topinfo.com.ar\/en\/2020\/04\/17\/chile-estiman-aumento-del-6-en-campana-de-exportacion-de-citricos-2020\/","title":{"rendered":"Chile: Estiman aumento del 6% en campa\u00f1a de exportaci\u00f3n de c\u00edtricos 2020"},"content":{"rendered":"<div id=\"fws_69f775560d90a\"  data-column-margin=\"default\" data-midnight=\"dark\"  class=\"wpb_row vc_row-fluid vc_row\"  style=\"padding-top: 40px; padding-bottom: 40px; \"><div class=\"row-bg-wrap\" data-bg-animation=\"none\" data-bg-animation-delay=\"\" data-bg-overlay=\"false\"><div class=\"inner-wrap row-bg-layer\" ><div class=\"row-bg viewport-desktop\"  style=\"\"><\/div><\/div><\/div><div class=\"row_col_wrap_12 col span_12 dark left\">\n\t<div  class=\"vc_col-sm-12 wpb_column column_container vc_column_container col no-extra-padding\"  data-padding-pos=\"all\" data-has-bg-color=\"false\" data-bg-color=\"\" data-bg-opacity=\"1\" data-animation=\"\" data-delay=\"0\" >\n\t\t<div class=\"vc_column-inner\" >\n\t\t\t<div class=\"wpb_wrapper\">\n\t\t\t\t<div class=\"nectar-split-heading\" data-align=\"default\" data-m-align=\"inherit\" data-text-effect=\"default\" data-animation-type=\"default\" data-animation-delay=\"0\" data-animation-offset=\"\" data-m-rm-animation=\"\" data-stagger=\"\" data-custom-font-size=\"false\" ><div class=\"heading-line\" > <div>El Comit\u00e9 de C\u00edtricos Asoex de Chile, proyect\u00f3 un aumento del 6% en las exportaciones de c\u00edtricos de la temporada 2020. Lo anterior implica que se har\u00edan env\u00edos de 353.000 toneladas de c\u00edtricos, con un alza mayor<br \/> <\/div> <\/div><div class=\"heading-line\" > <div>en la categor\u00eda de mandarinas, las que incrementar\u00edan en un 24%, respecto a la campa\u00f1a pasada. <\/div> <\/div><\/div><div class=\"nectar-split-heading\" data-align=\"default\" data-m-align=\"inherit\" data-text-effect=\"default\" data-animation-type=\"default\" data-animation-delay=\"0\" data-animation-offset=\"\" data-m-rm-animation=\"\" data-stagger=\"\" data-custom-font-size=\"false\" ><div class=\"heading-line\" > <div>Desde el comit\u00e9 se\u00f1alaron que las clementinas tendr\u00e1n un volumen de exportaci\u00f3n de 61.000 toneladas, lo que equivale a un crecimiento de 21% en comparaci\u00f3n a la temporada anterior.<br \/> <\/div> <\/div><div class=\"heading-line\" > <div>En tanto, el volumen de exportaci\u00f3n de las mandarinas se espera sea de 115.000 toneladas, lo que se traduce en un aumento del 24% interanual. <\/div> <\/div><\/div><div class=\"nectar-split-heading\" data-align=\"default\" data-m-align=\"inherit\" data-text-effect=\"default\" data-animation-type=\"default\" data-animation-delay=\"0\" data-animation-offset=\"\" data-m-rm-animation=\"\" data-stagger=\"\" data-custom-font-size=\"false\" ><div class=\"heading-line\" > <div>Por otra parte, las naranjas tendr\u00e1n un baja en el volumen de las exportaciones del 13%, llegando al env\u00edo de 87.000 toneladas. <\/div> <\/div><\/div><div class=\"nectar-split-heading\" data-align=\"default\" data-m-align=\"inherit\" data-text-effect=\"default\" data-animation-type=\"default\" data-animation-delay=\"0\" data-animation-offset=\"\" data-m-rm-animation=\"\" data-stagger=\"\" data-custom-font-size=\"false\" ><div class=\"heading-line\" > <div>Juan Enrique Ort\u00fazar, representante del comit\u00e9 indic\u00f3 que la baja no es significativa, porque \u201cen general para la naranja ha estado m\u00e1s dif\u00edcil que para las mandarinas y limones, por lo que el ritmo de plantaciones ha bajado y en algunos casos los productores han preferido reinjertar o arrancar y replantar con otra especie\u201d<\/p> <\/div> <\/div><\/div><div class=\"nectar-split-heading\" data-align=\"default\" data-m-align=\"inherit\" data-text-effect=\"default\" data-animation-type=\"default\" data-animation-delay=\"0\" data-animation-offset=\"\" data-m-rm-animation=\"\" data-stagger=\"\" data-custom-font-size=\"false\" ><div class=\"heading-line\" > <div>En cuanto a los limones, se\u00f1alaron que no hay una variaci\u00f3n significativa, y que se espera exportar 90.000 toneladas.<br \/> <\/div> <\/div><div class=\"heading-line\" > <div>A\u00f1adieron desde el comit\u00e9 que \u201cla sequ\u00eda ha afectado a varias regiones a nivel mundial desde hace unos a\u00f1os, y en Chile podr\u00eda tener alg\u00fan efecto en algunos sectores de c\u00edtricos, lo cual se podr\u00e1 evaluar con la temporada m\u00e1s avanzada\u201d.<\/p> <\/div> <\/div><\/div>\n\t\t\t<\/div> \n\t\t<\/div>\n\t<\/div> \n<\/div><\/div>\n\t\t<div id=\"fws_69f775560de6c\"  data-column-margin=\"default\" data-midnight=\"dark\"  class=\"wpb_row vc_row-fluid vc_row\"  style=\"padding-top: 40px; padding-bottom: 40px; \"><div class=\"row-bg-wrap\" data-bg-animation=\"none\" data-bg-animation-delay=\"\" data-bg-overlay=\"false\"><div class=\"inner-wrap row-bg-layer\" ><div class=\"row-bg viewport-desktop\"  style=\"\"><\/div><\/div><\/div><div class=\"row_col_wrap_12 col span_12 dark left\">\n\t<div  class=\"vc_col-sm-12 wpb_column column_container vc_column_container col no-extra-padding\"  data-padding-pos=\"all\" data-has-bg-color=\"false\" data-bg-color=\"\" data-bg-opacity=\"1\" data-animation=\"\" data-delay=\"0\" >\n\t\t<div class=\"vc_column-inner\" >\n\t\t\t<div class=\"wpb_wrapper\">\n\t\t\t\t<div class=\"nectar-split-heading\" data-align=\"default\" data-m-align=\"inherit\" data-text-effect=\"default\" data-animation-type=\"default\" data-animation-delay=\"0\" data-animation-offset=\"\" data-m-rm-animation=\"\" data-stagger=\"\" data-custom-font-size=\"false\" ><div class=\"heading-line\" > <div><h2><span style=\"color: #993300;\">Exportaci\u00f3n en tiempos de coronavirus<\/span><\/h2> <\/div> <\/div><div class=\"heading-line\" > <div><p style=\"text-align: justify;\">Juan Enrique Ort\u00fazar tambi\u00e9n se refiri\u00f3 al efecto que podr\u00eda tener la pandemia en las exportaciones de c\u00edtricos.<\/p> <\/div> <\/div><\/div><div class=\"nectar-split-heading\" data-align=\"default\" data-m-align=\"inherit\" data-text-effect=\"default\" data-animation-type=\"default\" data-animation-delay=\"0\" data-animation-offset=\"\" data-m-rm-animation=\"\" data-stagger=\"\" data-custom-font-size=\"false\" ><div class=\"heading-line\" > <div><p style=\"text-align: justify;\">Afirm\u00f3 que \u201ces muy prematuro para aventurarse a especular el impacto de una situaci\u00f3n tan compleja como \u00e9sta. El mercado nacional como el mercado mundial necesitan que se mantengan el suministro de frutas. Y el consumo de los c\u00edtricos que son frutas ricas en vitamina C, que fortalece el sistema inmunol\u00f3gico, pareciera ir en aumento\u201d.<\/p> <\/div> <\/div><\/div><div class=\"nectar-split-heading\" data-align=\"default\" data-m-align=\"inherit\" data-text-effect=\"default\" data-animation-type=\"default\" data-animation-delay=\"0\" data-animation-offset=\"\" data-m-rm-animation=\"\" data-stagger=\"\" data-custom-font-size=\"false\" ><div class=\"heading-line\" > <div><p style=\"text-align: justify;\">Agreg\u00f3 que, pese a las dificultades que trae el coronavirus, se \u201cest\u00e1 apoyando la implementaci\u00f3n de todas las medidas de resguardo que la autoridad nacional determine para la operaci\u00f3n del sector agr\u00edcola. Todos los actores de este proceso, tanto los productores, las centrales de proceso, los exportadores, transportistas y operadores de los puertos est\u00e1n trabajando para operar de la manera m\u00e1s segura posible en una temporada<br \/> <\/div> <\/div><div class=\"heading-line\" > <div>que supone un desaf\u00edo enorme\u201d.<\/p> <\/div> <\/div><\/div>\n\t\t\t<\/div> \n\t\t<\/div>\n\t<\/div> \n<\/div><\/div>\n\t\t<div id=\"fws_69f775560e211\"  data-column-margin=\"default\" data-midnight=\"dark\"  class=\"wpb_row vc_row-fluid vc_row\"  style=\"padding-top: 40px; padding-bottom: 40px; \"><div class=\"row-bg-wrap\" data-bg-animation=\"none\" data-bg-animation-delay=\"\" data-bg-overlay=\"false\"><div class=\"inner-wrap row-bg-layer\" ><div class=\"row-bg viewport-desktop\"  style=\"\"><\/div><\/div><\/div><div class=\"row_col_wrap_12 col span_12 dark left\">\n\t<div  class=\"vc_col-sm-12 wpb_column column_container vc_column_container col no-extra-padding\"  data-padding-pos=\"all\" data-has-bg-color=\"false\" data-bg-color=\"\" data-bg-opacity=\"1\" data-animation=\"\" data-delay=\"0\" >\n\t\t<div class=\"vc_column-inner\" >\n\t\t\t<div class=\"wpb_wrapper\">\n\t\t\t\t<div class=\"nectar-split-heading\" data-align=\"default\" data-m-align=\"inherit\" data-text-effect=\"default\" data-animation-type=\"default\" data-animation-delay=\"0\" data-animation-offset=\"\" data-m-rm-animation=\"\" data-stagger=\"\" data-custom-font-size=\"false\" ><div class=\"heading-line\" > <div><h3 style=\"text-align: justify;\">Fuente:<a href=\"https:\/\/www.portalfruticola.com\/noticias\/2020\/04\/09\/chile-estiman-aumento-del-6-en-campana-de-exportacion-de-citricos-2020\/\" target=\"_blank\" rel=\"noopener noreferrer\"> Portal Frut\u00edcola<\/a><\/h3> <\/div> <\/div><\/div>\n\t\t\t<\/div> \n\t\t<\/div>\n\t<\/div> \n<\/div><\/div>","protected":false},"excerpt":{"rendered":"El Comit\u00e9 de C\u00edtricos Asoex de Chile, proyect\u00f3 un aumento del 6% en las exportaciones...","protected":false},"author":2,"featured_media":6605,"comment_status":"closed","ping_status":"open","sticky":false,"template":"","format":"standard","meta":{"footnotes":""},"categories":[1],"tags":[141,16,99,97],"class_list":{"0":"post-6649","1":"post","2":"type-post","3":"status-publish","4":"format-standard","5":"has-post-thumbnail","7":"category-citricos","8":"tag-celementinas","9":"tag-chile","10":"tag-citricos","11":"tag-naranja"},"_links":{"self":[{"href":"http:\/\/www.topinfo.com.ar\/en\/wp-json\/wp\/v2\/posts\/6649"}],"collection":[{"href":"http:\/\/www.topinfo.com.ar\/en\/wp-json\/wp\/v2\/posts"}],"about":[{"href":"http:\/\/www.topinfo.com.ar\/en\/wp-json\/wp\/v2\/types\/post"}],"author":[{"embeddable":true,"href":"http:\/\/www.topinfo.com.ar\/en\/wp-json\/wp\/v2\/users\/2"}],"replies":[{"embeddable":true,"href":"http:\/\/www.topinfo.com.ar\/en\/wp-json\/wp\/v2\/comments?post=6649"}],"version-history":[{"count":0,"href":"http:\/\/www.topinfo.com.ar\/en\/wp-json\/wp\/v2\/posts\/6649\/revisions"}],"wp:featuredmedia":[{"embeddable":true,"href":"http:\/\/www.topinfo.com.ar\/en\/wp-json\/wp\/v2\/media\/6605"}],"wp:attachment":[{"href":"http:\/\/www.topinfo.com.ar\/en\/wp-json\/wp\/v2\/media?parent=6649"}],"wp:term":[{"taxonomy":"category","embeddable":true,"href":"http:\/\/www.topinfo.com.ar\/en\/wp-json\/wp\/v2\/categories?post=6649"},{"taxonomy":"post_tag","embeddable":true,"href":"http:\/\/www.topinfo.com.ar\/en\/wp-json\/wp\/v2\/tags?post=6649"}],"curies":[{"name":"wp","href":"https:\/\/api.w.org\/{rel}","templated":true}]}}