{"id":2329,"date":"2018-09-05T18:06:42","date_gmt":"2018-09-05T21:06:42","guid":{"rendered":"http:\/\/themenectar.com\/demo\/salient\/?p=144"},"modified":"2025-10-20T11:08:47","modified_gmt":"2025-10-20T14:08:47","slug":"valle-rio-negro","status":"publish","type":"post","link":"https:\/\/www.topinfo.com.ar\/en\/2018\/09\/05\/valle-rio-negro\/","title":{"rendered":"VALLE DE RIO NEGRO: La situaci\u00f3n de las empresas sigue siendo delicada"},"content":{"rendered":"<div id=\"fws_69f1c284efdc0\"  data-column-margin=\"default\" data-midnight=\"dark\"  class=\"wpb_row vc_row-fluid vc_row\"  style=\"padding-top: 0px; padding-bottom: 50px; \"><div class=\"row-bg-wrap\" data-bg-animation=\"none\" data-bg-animation-delay=\"\" data-bg-overlay=\"false\"><div class=\"inner-wrap row-bg-layer\" ><div class=\"row-bg viewport-desktop\"  style=\"\"><\/div><\/div><\/div><div class=\"row_col_wrap_12 col span_12 dark left\">\n\t<div  class=\"vc_col-sm-12 wpb_column column_container vc_column_container col no-extra-padding\"  data-padding-pos=\"all\" data-has-bg-color=\"false\" data-bg-color=\"\" data-bg-opacity=\"1\" data-animation=\"\" data-delay=\"0\" >\n\t\t<div class=\"vc_column-inner\" >\n\t\t\t<div class=\"wpb_wrapper\">\n\t\t\t\t\n<div class=\"wpb_text_column wpb_content_element\" >\n\t<div class=\"wpb_wrapper\">\n\t\t<p style=\"text-align: justify;\">Este a\u00f1o se observa por primera vez, luego de un ciclo de constantes ca\u00eddas de las exportaciones, una leve recuperaci\u00f3n de los embarques de peras y manzanas. Pero la situaci\u00f3n de las empresas es diversa, algunas pudieron aprovechar la mejora, mientras que otras contin\u00faan en una situaci\u00f3n muy delicada.<br \/>\nLas sucesivas crisis han afectado seriamente a la producci\u00f3n de frutas de pepita del Valle de Rio Negro. Son muchos los factores que han llevado a la situaci\u00f3n actual. Tambi\u00e9n son muchos los responsables. El famoso costo argentino contin\u00faa quit\u00e1ndole competitividad a la regi\u00f3n.<\/p>\n\t<\/div>\n<\/div>\n\n\n\n\n\t\t\t<\/div> \n\t\t<\/div>\n\t<\/div> \n<\/div><\/div>\n\t\t<div id=\"fws_69f1c284f042b\"  data-column-margin=\"default\" data-midnight=\"dark\" data-top-percent=\"5%\" data-bottom-percent=\"5%\"  class=\"wpb_row vc_row-fluid vc_row full-width-section parallax_section\"  style=\"padding-top: calc(100vw * 0.05); padding-bottom: calc(100vw * 0.05); \"><div class=\"row-bg-wrap\" data-bg-animation=\"none\" data-bg-animation-delay=\"\" data-bg-overlay=\"false\"><div class=\"inner-wrap row-bg-layer using-image\" ><div class=\"row-bg viewport-desktop using-image\" data-parallax-speed=\"fast\" style=\"background-image: url(https:\/\/www.topinfo.com.ar\/wp-content\/uploads\/2016\/01\/fresh-nectarines-in-the-produce-department-of-the-retail-store-nectarines-are-a-smooth-skinned-peach_t20_XznZkV.jpg); background-position: left top; background-repeat: no-repeat; \"><\/div><\/div><\/div><div class=\"row_col_wrap_12 col span_12 dark left\">\n\t<div  class=\"vc_col-sm-12 wpb_column column_container vc_column_container col no-extra-padding\"  data-padding-pos=\"all\" data-has-bg-color=\"false\" data-bg-color=\"\" data-bg-opacity=\"1\" data-animation=\"\" data-delay=\"0\" >\n\t\t<div class=\"vc_column-inner\" >\n\t\t\t<div class=\"wpb_wrapper\">\n\t\t\t\t<div class=\"divider-wrap\" data-alignment=\"default\"><div style=\"height: 400px;\" class=\"divider\"><\/div><\/div>\n\t\t\t<\/div> \n\t\t<\/div>\n\t<\/div> \n<\/div><\/div>\n\t\t<div id=\"fws_69f1c284f07c9\"  data-column-margin=\"default\" data-midnight=\"dark\"  class=\"wpb_row vc_row-fluid vc_row\"  style=\"padding-top: 50px; padding-bottom: 0px; \"><div class=\"row-bg-wrap\" data-bg-animation=\"none\" data-bg-animation-delay=\"\" data-bg-overlay=\"false\"><div class=\"inner-wrap row-bg-layer\" ><div class=\"row-bg viewport-desktop\"  style=\"\"><\/div><\/div><\/div><div class=\"row_col_wrap_12 col span_12 dark left\">\n\t<div  class=\"vc_col-sm-12 wpb_column column_container vc_column_container col no-extra-padding\"  data-padding-pos=\"all\" data-has-bg-color=\"false\" data-bg-color=\"\" data-bg-opacity=\"1\" data-animation=\"\" data-delay=\"0\" >\n\t\t<div class=\"vc_column-inner\" >\n\t\t\t<div class=\"wpb_wrapper\">\n\t\t\t\t\n<div class=\"wpb_text_column wpb_content_element\" >\n\t<div class=\"wpb_wrapper\">\n\t\t<h4 style=\"text-align: justify;\"><span style=\"color: #800000;\">Temporada 2018<\/span><\/h4>\n<p>Pero este a\u00f1o hubo una peque\u00f1a luz de esperanza. La misma se dio gracias a que los mercados de ultramar demandaron m\u00e1s frutas de pepita, ante las fuertes mermas que hab\u00edan sufrido en sus producciones locales. Por otro lado en el contexto nacional tambi\u00e9n se dieron algunas mejoras, siendo la m\u00e1s marcada la devaluaci\u00f3n del peso. Desde principio del a\u00f1o el peso cay\u00f3 m\u00e1s del 50%.<br \/>\nEsto es una gran ayuda a que mejoren los resultados de la exportaci\u00f3n. A esto se sumaron algunas mejoras menores, sea de infraestructura, estructura de costos, etc; los cuales en su conjunto ayudan a que la campa\u00f1a cierre con mejores n\u00fameros.<br \/>\nPor primera vez, luego de muchos a\u00f1os de constantes ca\u00eddas de las exportaciones, las mismas se recuperaron y se ubicaron por encima de los del a\u00f1o previo. En caso de las peras las exportaciones del primer semestre del 2018 se ubicaron nuevamente en los niveles del 2016 y en manzanas incluso se alcanz\u00f3 al 2015. Esto es un logro muy peque\u00f1o, si se lo compara con los niveles de exportaciones de hace unos 5 a 10 a\u00f1os. A\u00fan se est\u00e1 muy lejos de estos vol\u00famenes. Pero est\u00e1 la esperanza que el 2018 sea un a\u00f1o de inflexi\u00f3n y que la fuerte tendencia negativa de las exportaciones por fin finalice. Con recuperar solo una parte de lo perdido, es una primera luz verde en nefasto ciclo que se inici\u00f3 hace muchos a\u00f1os.<\/p>\n\t<\/div>\n<\/div>\n\n\n\n\n\t\t\t<\/div> \n\t\t<\/div>\n\t<\/div> \n<\/div><\/div>\n\t\t<div id=\"fws_69f1c284f0aee\"  data-column-margin=\"default\" data-midnight=\"dark\"  class=\"wpb_row vc_row-fluid vc_row\"  style=\"padding-top: 0px; padding-bottom: 0px; \"><div class=\"row-bg-wrap\" data-bg-animation=\"none\" data-bg-animation-delay=\"\" data-bg-overlay=\"false\"><div class=\"inner-wrap row-bg-layer\" ><div class=\"row-bg viewport-desktop\"  style=\"\"><\/div><\/div><\/div><div class=\"row_col_wrap_12 col span_12 dark left\">\n\t<div  class=\"vc_col-sm-12 wpb_column column_container vc_column_container col no-extra-padding\"  data-padding-pos=\"all\" data-has-bg-color=\"false\" data-bg-color=\"\" data-bg-opacity=\"1\" data-animation=\"\" data-delay=\"0\" >\n\t\t<div class=\"vc_column-inner\" >\n\t\t\t<div class=\"wpb_wrapper\">\n\t\t\t\t<div class=\"img-with-aniamtion-wrap\" data-max-width=\"100%\" data-max-width-mobile=\"100%\" data-shadow=\"none\" data-animation=\"fade-in\" >\n      <div class=\"inner\">\n        <div class=\"hover-wrap\"> \n          <div class=\"hover-wrap-inner\">\n            <img loading=\"lazy\" decoding=\"async\" class=\"img-with-animation skip-lazy\" data-delay=\"0\" height=\"100\" width=\"100\" data-animation=\"fade-in\" src=\"\" alt=\"\"  \/>\n          <\/div>\n        <\/div>\n      <\/div>\n    <\/div>\n\t\t\t<\/div> \n\t\t<\/div>\n\t<\/div> \n<\/div><\/div>\n\t\t<div id=\"fws_69f1c284f0fb2\"  data-column-margin=\"default\" data-midnight=\"dark\"  class=\"wpb_row vc_row-fluid vc_row\"  style=\"padding-top: 50px; padding-bottom: 0px; \"><div class=\"row-bg-wrap\" data-bg-animation=\"none\" data-bg-animation-delay=\"\" data-bg-overlay=\"false\"><div class=\"inner-wrap row-bg-layer\" ><div class=\"row-bg viewport-desktop\"  style=\"\"><\/div><\/div><\/div><div class=\"row_col_wrap_12 col span_12 dark left\">\n\t<div  class=\"vc_col-sm-12 wpb_column column_container vc_column_container col no-extra-padding\"  data-padding-pos=\"all\" data-has-bg-color=\"false\" data-bg-color=\"\" data-bg-opacity=\"1\" data-animation=\"\" data-delay=\"0\" >\n\t\t<div class=\"vc_column-inner\" >\n\t\t\t<div class=\"wpb_wrapper\">\n\t\t\t\t\n<div class=\"wpb_text_column wpb_content_element\" >\n\t<div class=\"wpb_wrapper\">\n\t\t<h4 style=\"text-align: justify;\"><span style=\"color: #800000;\">Destinos 2018<\/span><\/h4>\n<p style=\"text-align: justify;\">La recuperaci\u00f3n se dio para todos los destinos, con solo algunas excepciones, como los env\u00edos de manzanas a Norteam\u00e9rica. El mayor aumento con respecto al 2017 y 2016, se dio en los env\u00edos a Rusia. Este pa\u00eds hab\u00eda sido en alg\u00fan momento el principal comprador de nuestras frutas, pero luego nuestros crecientes costos y el surgimiento de competidores m\u00e1s competitivos, redujo sucesivamente nuestros env\u00edos. Este a\u00f1o se logr\u00f3 ubicar nuevamente mayores vol\u00famenes. En caso de pera se ubicaron m\u00e1s de 80.000 toneladas, lo que signific\u00f3 un 25% m\u00e1s que en los a\u00f1os previos.<br \/>\nEn caso de manzanas fueron casi 20.000 toneladas, el doble que en otros a\u00f1os.<br \/>\nTambi\u00e9n Europa compr\u00f3 m\u00e1s. En especial de manzanas. Esto se debi\u00f3 a una situaci\u00f3n circunstancial, debido a la merma hist\u00f3rica que registr\u00f3 la cosecha local. En peras la situaci\u00f3n se presenta complicada y los env\u00edos se ubicaron entremedios de los dos \u00faltimos a\u00f1os. De las hist\u00f3ricas 100.000 toneladas, pasamos a casi la mitad de ese volumen.<br \/>\nBrasil compr\u00f3 en los primeros meses vol\u00famenes de peras similares a los de los \u00faltimos dos a\u00f1os.<br \/>\nEn caso de manzanas fueron entremedios de los dos \u00faltimos a\u00f1os, dependiendo la magnitud de los env\u00edos m\u00e1s bien de la cosecha local y la competencia por parte de Chile.<br \/>\nLos otros pa\u00edses latinoamericanos compraron m\u00e1s peras argentinas; mientras que de manzanas adquirieron vol\u00famenes ligeramente menores a lo habitual.<\/p>\n\t<\/div>\n<\/div>\n\n\n\n\n\t\t\t<\/div> \n\t\t<\/div>\n\t<\/div> \n<\/div><\/div>\n\t\t<div id=\"fws_69f1c284f12dd\"  data-column-margin=\"default\" data-midnight=\"dark\"  class=\"wpb_row vc_row-fluid vc_row\"  style=\"padding-top: 0px; padding-bottom: 0px; \"><div class=\"row-bg-wrap\" data-bg-animation=\"none\" data-bg-animation-delay=\"\" data-bg-overlay=\"false\"><div class=\"inner-wrap row-bg-layer\" ><div class=\"row-bg viewport-desktop\"  style=\"\"><\/div><\/div><\/div><div class=\"row_col_wrap_12 col span_12 dark left\">\n\t<div  class=\"vc_col-sm-12 wpb_column column_container vc_column_container col no-extra-padding\"  data-padding-pos=\"all\" data-has-bg-color=\"false\" data-bg-color=\"\" data-bg-opacity=\"1\" data-animation=\"\" data-delay=\"0\" >\n\t\t<div class=\"vc_column-inner\" >\n\t\t\t<div class=\"wpb_wrapper\">\n\t\t\t\t<div class=\"img-with-aniamtion-wrap\" data-max-width=\"100%\" data-max-width-mobile=\"100%\" data-shadow=\"none\" data-animation=\"fade-in\" >\n      <div class=\"inner\">\n        <div class=\"hover-wrap\"> \n          <div class=\"hover-wrap-inner\">\n            <img loading=\"lazy\" decoding=\"async\" class=\"img-with-animation skip-lazy\" data-delay=\"0\" height=\"100\" width=\"100\" data-animation=\"fade-in\" src=\"\" alt=\"\"  \/>\n          <\/div>\n        <\/div>\n      <\/div>\n    <\/div>\n\t\t\t<\/div> \n\t\t<\/div>\n\t<\/div> \n<\/div><\/div>\n\t\t<div id=\"fws_69f1c284f16fb\"  data-column-margin=\"default\" data-midnight=\"dark\"  class=\"wpb_row vc_row-fluid vc_row\"  style=\"padding-top: 50px; padding-bottom: 0px; \"><div class=\"row-bg-wrap\" data-bg-animation=\"none\" data-bg-animation-delay=\"\" data-bg-overlay=\"false\"><div class=\"inner-wrap row-bg-layer\" ><div class=\"row-bg viewport-desktop\"  style=\"\"><\/div><\/div><\/div><div class=\"row_col_wrap_12 col span_12 dark left\">\n\t<div  class=\"vc_col-sm-12 wpb_column column_container vc_column_container col no-extra-padding\"  data-padding-pos=\"all\" data-has-bg-color=\"false\" data-bg-color=\"\" data-bg-opacity=\"1\" data-animation=\"\" data-delay=\"0\" >\n\t\t<div class=\"vc_column-inner\" >\n\t\t\t<div class=\"wpb_wrapper\">\n\t\t\t\t\n<div class=\"wpb_text_column wpb_content_element\" >\n\t<div class=\"wpb_wrapper\">\n\t\t<h4 style=\"text-align: justify;\"><span style=\"color: #800000;\">Empresas 2018<\/span><\/h4>\n<p style=\"text-align: justify;\">A pesar de la mejora que se observ\u00f3 en la exportaci\u00f3n, la situaci\u00f3n de las empresas contin\u00faa siendo delicada. A\u00fan no se puede hablar de un saneamiento. Al igual de lo que se observ\u00f3 en la campa\u00f1a anterior, en general a las empresas grandes les cuesta m\u00e1s la recuperaci\u00f3n al contar con una estructura m\u00e1s grande y ser menos flexibles a los cambios. Son las empresas medianas que muestran una mejor recuperaci\u00f3n y las que pudieron aprovechar m\u00e1s las mejores circunstancias de la actual campa\u00f1a.<\/p>\n<p><strong>PFT &#8211; Patagonia Fruit Trade:<\/strong> desde la desaparici\u00f3n de Expofrut, se ubica en el primer lugar no solo como exportadora de fruta de pepita, sino tambi\u00e9n como exportadora de fruta fresca en general.<br \/>\nEste lugar lo logr\u00f3 gracias a su estructura m\u00e1s flexible y de menores costos, que su gran rival Expofrut. Cuenta con un muy buen equipo de venta, fuerte presencia en la mayor\u00eda de los mercados externos a los que acuda Argentina y amplia oferta. Su fuerte son las peras, seguido por manzanas; pero tambi\u00e9n comercializa uvas y kiwis. En forma temprana se inici\u00f3 en el comercio de fruta org\u00e1nica, sector en el cual Argentina lidera en los mercados del norte. Por ahora pr\u00e1cticamente no tiene presencia en el mercado local, dado que siempre se focaliz\u00f3 en la exportaci\u00f3n. A pesar de estas fortalezas, tambi\u00e9n sufri\u00f3 bajo las constantes crisis, lo que se refleja en la reducci\u00f3n del volumen exportado. De las 80.000 toneladas exportadas hace unos a\u00f1os, pas\u00f3 casi a la mitad. Tambi\u00e9n en lo que va de la campa\u00f1a actual se estima que sus exportaciones no<br \/>\nsuperar\u00e1n las 45.000 toneladas.<\/p>\n<p><strong>PAI \u2013 Productores Argentinos Integrados:<\/strong> al igual que en la campa\u00f1a anterior, es de las grandes empresas la que m\u00e1s se est\u00e1 manteniendo. Hace varios a\u00f1os est\u00e1 exportando entre 37.000 a 40.000 toneladas. La reducci\u00f3n de los embarques que se ha dado en las otras grandes empresas, no se ha dado ac\u00e1. Esto se debe probablemente a que se trata de un consorcio de exportaci\u00f3n integrado por 12 firmas empacadoras de Alto Valle de Rio Negro y Neuqu\u00e9n, quienes a su vez nuclean a m\u00e1s de 280 peque\u00f1os y medianos productores. Las empresas se asocian para la exportaci\u00f3n a ultramar. Las ventas a los pa\u00edses vecinos, as\u00ed como al mercado local, lo enfrenta cada miembro en forma independiente. Dentro de las empresas asociadas hay varias que han apostado<br \/>\nfuertemente a la producci\u00f3n org\u00e1nica, siendo PAI otra exportadora fuerte en esta \u00e1rea.<\/p>\n<p><strong>Mo\u00f1o Azul:<\/strong> es una de las empresas m\u00e1s tradicionales del Valle de Rio Negro. Fue fundada hace m\u00e1s de 60 a\u00f1os por varias familias, inmigrantes de Italia. Desde su fundaci\u00f3n se ubic\u00f3 como una de las principales productoras y comercializadoras. La empresa adquiri\u00f3 un buen nombre en los mercados externos, pero su mayor logro fue afianzarse como la marca de fruta m\u00e1s conocida dentro del mercado local. Ninguna otra empresa, a pesar de los diversos esfuerzos realizados, logr\u00f3 tal m\u00e9rito. Hasta hoy la mayor\u00eda de los consumidores argentinos nombran espont\u00e1neamente a Mo\u00f1o Azul al ser preguntado por una marca de fruta y desconociendo pr\u00e1cticamente a otras. Es<br \/>\nconsiderada por los minoristas como fruta Premium. A pesar de contar con esta gran fortaleza, la empresa tambi\u00e9n sufri\u00f3 fuertemente bajo los vaivenes de la econom\u00eda argentina. Hace 10 a\u00f1os las familias fundadoras la vendieron a un consorcio italiano. Pero los nuevos due\u00f1os no han tenido mayor suerte, y no pudieron lidiar con las crisis y dificultades planteadas. Hoy Mo\u00f1o Azul est\u00e1 en<br \/>\nuna situaci\u00f3n econ\u00f3mica y financiera muy delicada. Esto llev\u00f3 a una reducci\u00f3n de sus actividades y a los vol\u00famenes comercializados. Por otro lado circulan en el Valle fuertes rumores de una posible venta o asociaci\u00f3n a otra empresa.<\/p>\n<p><strong>Expofrut:<\/strong> el ex gigante contin\u00faa con problemas y achic\u00e1ndose. Durante 10 a\u00f1os fue el principal exportador de frutas de Argentina, exportando 100-180.000 toneladas, lo que represent\u00f3 el 10-18% del total exportado por nuestro pa\u00eds. Pero su gran estructura, enormes costos, ineficiencias operativos llevaron a que se venda gran parte del patrimonio. Hoy solo opera como una empresa mediana, exportando en la actual campa\u00f1a alrededor de 5.000 toneladas.<br \/>\nEcofrut, Cosur, Tres Ases, Kleppe, Cervi: son de las empresas medianas, en general de origen familiar. Tambi\u00e9n sufrieron bajo las diversas crisis, aunque varias pudieron recuperarse m\u00e1s r\u00e1pido que las grandes. Hoy se ubican en los primeros lugares, luego de las 3 primeras (PFT, PAI, Mo\u00f1o Azul), exportando en lo que va de la campa\u00f1a entre 10-15.000 toneladas.<\/p>\n\t<\/div>\n<\/div>\n\n\n\n\n\t\t\t<\/div> \n\t\t<\/div>\n\t<\/div> \n<\/div><\/div>","protected":false},"excerpt":{"rendered":"<p> Cras et libero iaculis, consequat nisi nec, tristi que metus. Praesent eu odio in velit maximus accumsan <\/p>","protected":false},"author":1,"featured_media":6269,"comment_status":"open","ping_status":"open","sticky":false,"template":"","format":"standard","meta":{"footnotes":""},"categories":[333],"tags":[39,90,60,89,61,86],"class_list":{"0":"post-2329","1":"post","2":"type-post","3":"status-publish","4":"format-standard","5":"has-post-thumbnail","7":"category-argentina","8":"tag-comercio-exterior","9":"tag-expofrut","10":"tag-manzanas","11":"tag-mono-azul","12":"tag-peras","13":"tag-valle-rio-negro"},"_links":{"self":[{"href":"https:\/\/www.topinfo.com.ar\/en\/wp-json\/wp\/v2\/posts\/2329"}],"collection":[{"href":"https:\/\/www.topinfo.com.ar\/en\/wp-json\/wp\/v2\/posts"}],"about":[{"href":"https:\/\/www.topinfo.com.ar\/en\/wp-json\/wp\/v2\/types\/post"}],"author":[{"embeddable":true,"href":"https:\/\/www.topinfo.com.ar\/en\/wp-json\/wp\/v2\/users\/1"}],"replies":[{"embeddable":true,"href":"https:\/\/www.topinfo.com.ar\/en\/wp-json\/wp\/v2\/comments?post=2329"}],"version-history":[{"count":0,"href":"https:\/\/www.topinfo.com.ar\/en\/wp-json\/wp\/v2\/posts\/2329\/revisions"}],"wp:featuredmedia":[{"embeddable":true,"href":"https:\/\/www.topinfo.com.ar\/en\/wp-json\/wp\/v2\/media\/6269"}],"wp:attachment":[{"href":"https:\/\/www.topinfo.com.ar\/en\/wp-json\/wp\/v2\/media?parent=2329"}],"wp:term":[{"taxonomy":"category","embeddable":true,"href":"https:\/\/www.topinfo.com.ar\/en\/wp-json\/wp\/v2\/categories?post=2329"},{"taxonomy":"post_tag","embeddable":true,"href":"https:\/\/www.topinfo.com.ar\/en\/wp-json\/wp\/v2\/tags?post=2329"}],"curies":[{"name":"wp","href":"https:\/\/api.w.org\/{rel}","templated":true}]}}