{"id":2677,"date":"2019-08-15T06:33:01","date_gmt":"2019-08-15T09:33:01","guid":{"rendered":"http:\/\/themenectar.com\/demo\/salient-blog\/?p=2677"},"modified":"2020-02-05T15:29:43","modified_gmt":"2020-02-05T18:29:43","slug":"fuertes-cambios-entre-exportadores-australes","status":"publish","type":"post","link":"https:\/\/www.topinfo.com.ar\/en\/2019\/08\/15\/fuertes-cambios-entre-exportadores-australes\/","title":{"rendered":"Uva de Mesa: Fuertes cambios entre los exportadores australes"},"content":{"rendered":"<div id=\"fws_69f1eb6807a86\"  data-column-margin=\"default\" data-midnight=\"dark\"  class=\"wpb_row vc_row-fluid vc_row\"  style=\"padding-top: 0px; padding-bottom: 0px; \"><div class=\"row-bg-wrap\" data-bg-animation=\"none\" data-bg-animation-delay=\"\" data-bg-overlay=\"false\"><div class=\"inner-wrap row-bg-layer\" ><div class=\"row-bg viewport-desktop\"  style=\"\"><\/div><\/div><\/div><div class=\"row_col_wrap_12 col span_12 dark left\">\n\t<div  class=\"vc_col-sm-12 wpb_column column_container vc_column_container col no-extra-padding\"  data-padding-pos=\"all\" data-has-bg-color=\"false\" data-bg-color=\"\" data-bg-opacity=\"1\" data-animation=\"\" data-delay=\"0\" >\n\t\t<div class=\"vc_column-inner\" >\n\t\t\t<div class=\"wpb_wrapper\">\n\t\t\t\t\n<div class=\"wpb_text_column wpb_content_element\" >\n\t<div class=\"wpb_wrapper\">\n\t\t<p>La campa\u00f1a 2018\/19 nuevamente mostr\u00f3 una marcada expansi\u00f3n<br \/>\nen las exportaciones de Per\u00fa, que continua avanzando fuertemente<br \/>\nen el mercado mundial. La otra cara de la moneda, muestra a un<br \/>\nChile, \u201cel gigante de la uva\u201d, al cual los \u00faltimos a\u00f1os han sido<br \/>\ncomplicados y se sigue alejando de sus niveles de exportaci\u00f3n record.<\/p>\n<h4>Temporada 2018-19:<\/h4>\n<p>La campa\u00f1a alcanz\u00f3 un volumen total exportado de 1,28 millones de<br \/>\ntoneladas. La cifra es alta, aunque levemente inferior al volumen<br \/>\nrecord, de la temporada 2016\/17 (1,35 millones). Este valor se logr\u00f3 gracias al fuete avance de las<br \/>\nexportaciones de Per\u00fa y tambi\u00e9n mayores env\u00edos de Sud\u00e1frica. El plus de env\u00edos compens\u00f3 la ca\u00edda<br \/>\nque nuevamente sufri\u00f3 Chile.<\/p>\n\t<\/div>\n<\/div>\n\n\n\n\n\t\t\t<\/div> \n\t\t<\/div>\n\t<\/div> \n<\/div><\/div>\n\t\t<div id=\"fws_69f1eb6807f84\"  data-column-margin=\"default\" data-midnight=\"dark\"  class=\"wpb_row vc_row-fluid vc_row\"  style=\"padding-top: 40px; padding-bottom: 40px; \"><div class=\"row-bg-wrap\" data-bg-animation=\"none\" data-bg-animation-delay=\"\" data-bg-overlay=\"false\"><div class=\"inner-wrap row-bg-layer\" ><div class=\"row-bg viewport-desktop\"  style=\"\"><\/div><\/div><\/div><div class=\"row_col_wrap_12 col span_12 dark left\">\n\t<div  class=\"vc_col-sm-12 wpb_column column_container vc_column_container col no-extra-padding\"  data-padding-pos=\"all\" data-has-bg-color=\"false\" data-bg-color=\"\" data-bg-opacity=\"1\" data-animation=\"\" data-delay=\"0\" >\n\t\t<div class=\"vc_column-inner\" >\n\t\t\t<div class=\"wpb_wrapper\">\n\t\t\t\t<div class=\"nectar-split-heading\" data-align=\"default\" data-m-align=\"inherit\" data-text-effect=\"default\" data-animation-type=\"default\" data-animation-delay=\"0\" data-animation-offset=\"\" data-m-rm-animation=\"\" data-stagger=\"\" data-custom-font-size=\"false\" ><div class=\"heading-line\" > <div><h3><strong>Peru<\/strong> registr\u00f3 el crecimiento m\u00e1s expectacular. A diferencia de otros proveedores australes<br \/> <\/div> <\/div><div class=\"heading-line\" > <div>que en los \u00faltimos a\u00f1os han mostrado una exportaci\u00f3n estable o decreciente; Per\u00fa registr\u00f3 un avance<br \/> <\/div> <\/div><div class=\"heading-line\" > <div>muy marcado. En la \u00faltima d\u00e9cada pas\u00f3 de exportar 40.000 toneladas a 350.000. Esto es casi 9<br \/> <\/div> <\/div><div class=\"heading-line\" > <div>veces m\u00e1s. Tambi\u00e9n su participaci\u00f3n dentro del hemisferio sur cambi\u00f3 radicalmente. De tener un<br \/> <\/div> <\/div><div class=\"heading-line\" > <div>aporte m\u00ednimo, paso a aportar el 28% del volumen total.<\/h3> <\/div> <\/div><\/div>\n\t\t\t<\/div> \n\t\t<\/div>\n\t<\/div> \n<\/div><\/div>\n\t\t<div id=\"fws_69f1eb6808322\"  data-column-margin=\"default\" data-midnight=\"dark\"  class=\"wpb_row vc_row-fluid vc_row\"  style=\"padding-top: 0px; padding-bottom: 20px; \"><div class=\"row-bg-wrap\" data-bg-animation=\"none\" data-bg-animation-delay=\"\" data-bg-overlay=\"false\"><div class=\"inner-wrap row-bg-layer\" ><div class=\"row-bg viewport-desktop\"  style=\"\"><\/div><\/div><\/div><div class=\"row_col_wrap_12 col span_12 dark left\">\n\t<div  class=\"vc_col-sm-12 wpb_column column_container vc_column_container col no-extra-padding\"  data-padding-pos=\"all\" data-has-bg-color=\"false\" data-bg-color=\"\" data-bg-opacity=\"1\" data-animation=\"\" data-delay=\"0\" >\n\t\t<div class=\"vc_column-inner\" >\n\t\t\t<div class=\"wpb_wrapper\">\n\t\t\t\t\n<div class=\"wpb_text_column wpb_content_element\" >\n\t<div class=\"wpb_wrapper\">\n\t\t<p>Esta campa\u00f1a se alcanz\u00f3 un volumen hist\u00f3rico, superando las 355.000 toneladas. Si bien<br \/>\naumentaron los env\u00edos a todos los destinos, Europa fue el que mayor crecimiento mostr\u00f3<br \/>\nrecibiendo un 50% m\u00e1s que la temporada anterior. Este plus de vol\u00famenes tuvo un impacto<br \/>\nnegativo en los precios del mercado, los cuales cayeron a niveles baj\u00edsimos.<\/p>\n\t<\/div>\n<\/div>\n\n\n\n\n\t\t\t<\/div> \n\t\t<\/div>\n\t<\/div> \n<\/div><\/div>\n\t\t<div id=\"fws_69f1eb680863a\"  data-column-margin=\"default\" data-midnight=\"dark\"  class=\"wpb_row vc_row-fluid vc_row\"  style=\"padding-top: 0px; padding-bottom: 0px; \"><div class=\"row-bg-wrap\" data-bg-animation=\"none\" data-bg-animation-delay=\"\" data-bg-overlay=\"false\"><div class=\"inner-wrap row-bg-layer\" ><div class=\"row-bg viewport-desktop\"  style=\"\"><\/div><\/div><\/div><div class=\"row_col_wrap_12 col span_12 dark left\">\n\t<div  class=\"vc_col-sm-12 wpb_column column_container vc_column_container col no-extra-padding\"  data-padding-pos=\"all\" data-has-bg-color=\"false\" data-bg-color=\"\" data-bg-opacity=\"1\" data-animation=\"\" data-delay=\"0\" >\n\t\t<div class=\"vc_column-inner\" >\n\t\t\t<div class=\"wpb_wrapper\">\n\t\t\t\t<div class=\"img-with-aniamtion-wrap\" data-max-width=\"100%\" data-max-width-mobile=\"100%\" data-shadow=\"none\" data-animation=\"fade-in\" >\n      <div class=\"inner\">\n        <div class=\"hover-wrap\"> \n          <div class=\"hover-wrap-inner\">\n            <img loading=\"lazy\" decoding=\"async\" class=\"img-with-animation skip-lazy\" data-delay=\"0\" height=\"354\" width=\"724\" data-animation=\"fade-in\" src=\"https:\/\/www.topinfo.com.ar\/wp-content\/uploads\/2017\/03\/Sin-t\u00edtulo-1.png\" alt=\"\" srcset=\"https:\/\/www.topinfo.com.ar\/wp-content\/uploads\/2017\/03\/Sin-t\u00edtulo-1.png 724w, https:\/\/www.topinfo.com.ar\/wp-content\/uploads\/2017\/03\/Sin-t\u00edtulo-1-300x147.png 300w\" sizes=\"(max-width: 724px) 100vw, 724px\" \/>\n          <\/div>\n        <\/div>\n      <\/div>\n    <\/div>\n\t\t\t<\/div> \n\t\t<\/div>\n\t<\/div> \n<\/div><\/div>\n\t\t<div id=\"fws_69f1eb6808c3d\"  data-column-margin=\"default\" data-midnight=\"dark\"  class=\"wpb_row vc_row-fluid vc_row\"  style=\"padding-top: 40px; padding-bottom: 40px; \"><div class=\"row-bg-wrap\" data-bg-animation=\"none\" data-bg-animation-delay=\"\" data-bg-overlay=\"false\"><div class=\"inner-wrap row-bg-layer\" ><div class=\"row-bg viewport-desktop\"  style=\"\"><\/div><\/div><\/div><div class=\"row_col_wrap_12 col span_12 dark left\">\n\t<div  class=\"vc_col-sm-12 wpb_column column_container vc_column_container col no-extra-padding\"  data-padding-pos=\"all\" data-has-bg-color=\"false\" data-bg-color=\"\" data-bg-opacity=\"1\" data-animation=\"\" data-delay=\"0\" >\n\t\t<div class=\"vc_column-inner\" >\n\t\t\t<div class=\"wpb_wrapper\">\n\t\t\t\t<div class=\"nectar-split-heading\" data-align=\"default\" data-m-align=\"inherit\" data-text-effect=\"default\" data-animation-type=\"default\" data-animation-delay=\"0\" data-animation-offset=\"\" data-m-rm-animation=\"\" data-stagger=\"\" data-custom-font-size=\"false\" ><div class=\"heading-line\" > <div><h3><strong>Chile:<\/strong> para \u201cel gigante de la uva\u201d los \u00faltimos a\u00f1os no fueron f\u00e1ciles debido a una asociaci\u00f3n de problemas productivos y dificultades en los mercados.<\/h3> <\/div> <\/div><div class=\"heading-line\" > <div><p>&nbsp;<\/p> <\/div> <\/div><div class=\"heading-line\" > <div><p>Los embarques cayeron nuevamente en la campa\u00f1a 2018\/19 y fue el volumen hist\u00f3rico m\u00e1s bajo registrado en los \u00faltimos 10 a\u00f1os. La exportaci\u00f3n total se ubic\u00f3 apenas por encima de las 630.000 toneladas, lo que corresponde a un 10% menos respecto a la campa\u00f1a pasada.<br \/> <\/div> <\/div><div class=\"heading-line\" > <div>A pesar de esto Chile sigue siendo un enorme productor y exportador de uva. El primero a nivel mundial y a\u00fan m\u00e1s dentro del hemisferio sur. Solo redujo su participaci\u00f3n; mientras que hace 10 a\u00f1os aportaba alrededor del 65% del total exportado por el hemisferio sur, actualmente su aporte es del 50%. <\/div> <\/div><\/div>\n\t\t\t<\/div> \n\t\t<\/div>\n\t<\/div> \n<\/div><\/div>\n\t\t<div id=\"fws_69f1eb6808f68\"  data-column-margin=\"default\" data-midnight=\"dark\"  class=\"wpb_row vc_row-fluid vc_row\"  style=\"padding-top: 40px; padding-bottom: 40px; \"><div class=\"row-bg-wrap\" data-bg-animation=\"none\" data-bg-animation-delay=\"\" data-bg-overlay=\"false\"><div class=\"inner-wrap row-bg-layer\" ><div class=\"row-bg viewport-desktop\"  style=\"\"><\/div><\/div><\/div><div class=\"row_col_wrap_12 col span_12 dark left\">\n\t<div  class=\"vc_col-sm-12 wpb_column column_container vc_column_container col no-extra-padding\"  data-padding-pos=\"all\" data-has-bg-color=\"false\" data-bg-color=\"\" data-bg-opacity=\"1\" data-animation=\"\" data-delay=\"0\" >\n\t\t<div class=\"vc_column-inner\" >\n\t\t\t<div class=\"wpb_wrapper\">\n\t\t\t\t<div class=\"nectar-split-heading\" data-align=\"default\" data-m-align=\"inherit\" data-text-effect=\"default\" data-animation-type=\"default\" data-animation-delay=\"0\" data-animation-offset=\"\" data-m-rm-animation=\"\" data-stagger=\"\" data-custom-font-size=\"false\" ><div class=\"heading-line\" > <div><h3><strong>Sudafrica:<\/strong> luego de la fuerte merma registrada en la temporada 2017\/18, a causa de condiciones clim\u00e1ticas adversas (fuertes golpes de calor, sequ\u00eda y granizos diezmaron las producciones en varias regiones productoras), las exportaciones se recuperaron en la campa\u00f1a 2018\/19.<\/h3> <\/div> <\/div><div class=\"heading-line\" > <div><p>&nbsp;<\/p> <\/div> <\/div><div class=\"heading-line\" > <div><p>Los embarques totales se recuperaron y alcanzaron las 238.000 toneladas, lo que<br \/> <\/div> <\/div><div class=\"heading-line\" > <div>corresponde a casi un 20% m\u00e1s que la temporada anterior. En cuanto a los destinos, Europa<br \/> <\/div> <\/div><div class=\"heading-line\" > <div>contin\u00faa siendo el principal, recibiendo el 75% de las exportaciones sudafricanas. <\/div> <\/div><\/div><div class=\"nectar-split-heading\" data-align=\"default\" data-m-align=\"inherit\" data-text-effect=\"default\" data-animation-type=\"default\" data-animation-delay=\"0\" data-animation-offset=\"\" data-m-rm-animation=\"\" data-stagger=\"\" data-custom-font-size=\"false\" ><div class=\"heading-line\" > <div><h3><strong>Argentina:<\/strong> lejos de los vol\u00famenes hist\u00f3ricos de hace diez a\u00f1os (50.000-60.000 toneladas), hubo una leve recuperaci\u00f3n en las exportaciones de este a\u00f1os, superando levemente las 7.000 toneladas.<\/h3> <\/div> <\/div><div class=\"heading-line\" > <div><p>El volumen corresponde a un 30% m\u00e1s respecto a la campa\u00f1a 2017\/18 y +55% que el 2016\/17. Argentina se retir\u00f3 principalmente de los mercados de ultramar. Los despachos a la UE se mantuvieron inferiores a las 1.000 toneladas, mientras que hubo un marcado aumento en los env\u00edos a Rusia alcanzando las 2.500 toneladas. La mayor parte se sigue destinando a Brasil, donde Argentina a\u00fan mantiene cierta presencia. <\/div> <\/div><\/div><div class=\"img-with-aniamtion-wrap\" data-max-width=\"100%\" data-max-width-mobile=\"100%\" data-shadow=\"none\" data-animation=\"fade-in\" >\n      <div class=\"inner\">\n        <div class=\"hover-wrap\"> \n          <div class=\"hover-wrap-inner\">\n            <img loading=\"lazy\" decoding=\"async\" class=\"img-with-animation skip-lazy\" data-delay=\"0\" height=\"245\" width=\"742\" data-animation=\"fade-in\" src=\"https:\/\/www.topinfo.com.ar\/wp-content\/uploads\/2017\/03\/Sin-t\u00edtulo-2.png\" alt=\"\" srcset=\"https:\/\/www.topinfo.com.ar\/wp-content\/uploads\/2017\/03\/Sin-t\u00edtulo-2.png 742w, https:\/\/www.topinfo.com.ar\/wp-content\/uploads\/2017\/03\/Sin-t\u00edtulo-2-300x99.png 300w\" sizes=\"(max-width: 742px) 100vw, 742px\" \/>\n          <\/div>\n        <\/div>\n      <\/div>\n    <\/div>\n\t\t\t<\/div> \n\t\t<\/div>\n\t<\/div> \n<\/div><\/div>","protected":false},"excerpt":{"rendered":"La campa\u00f1a 2018\/19 nuevamente mostr\u00f3 una marcada expansi\u00f3n en las exportaciones de Per\u00fa, que continua...","protected":false},"author":1,"featured_media":6386,"comment_status":"open","ping_status":"open","sticky":false,"template":"","format":"standard","meta":{"footnotes":""},"categories":[110,4],"tags":[24,16,17],"class_list":{"0":"post-2677","1":"post","2":"type-post","3":"status-publish","4":"format-standard","5":"has-post-thumbnail","7":"category-paises","8":"category-uva-de-mesa","9":"tag-argentina","10":"tag-chile","11":"tag-peru"},"_links":{"self":[{"href":"https:\/\/www.topinfo.com.ar\/en\/wp-json\/wp\/v2\/posts\/2677"}],"collection":[{"href":"https:\/\/www.topinfo.com.ar\/en\/wp-json\/wp\/v2\/posts"}],"about":[{"href":"https:\/\/www.topinfo.com.ar\/en\/wp-json\/wp\/v2\/types\/post"}],"author":[{"embeddable":true,"href":"https:\/\/www.topinfo.com.ar\/en\/wp-json\/wp\/v2\/users\/1"}],"replies":[{"embeddable":true,"href":"https:\/\/www.topinfo.com.ar\/en\/wp-json\/wp\/v2\/comments?post=2677"}],"version-history":[{"count":0,"href":"https:\/\/www.topinfo.com.ar\/en\/wp-json\/wp\/v2\/posts\/2677\/revisions"}],"wp:featuredmedia":[{"embeddable":true,"href":"https:\/\/www.topinfo.com.ar\/en\/wp-json\/wp\/v2\/media\/6386"}],"wp:attachment":[{"href":"https:\/\/www.topinfo.com.ar\/en\/wp-json\/wp\/v2\/media?parent=2677"}],"wp:term":[{"taxonomy":"category","embeddable":true,"href":"https:\/\/www.topinfo.com.ar\/en\/wp-json\/wp\/v2\/categories?post=2677"},{"taxonomy":"post_tag","embeddable":true,"href":"https:\/\/www.topinfo.com.ar\/en\/wp-json\/wp\/v2\/tags?post=2677"}],"curies":[{"name":"wp","href":"https:\/\/api.w.org\/{rel}","templated":true}]}}