{"id":6604,"date":"2020-03-06T11:51:46","date_gmt":"2020-03-06T14:51:46","guid":{"rendered":"http:\/\/www.topinfo.com.ar\/?p=6604"},"modified":"2020-03-06T11:51:46","modified_gmt":"2020-03-06T14:51:46","slug":"productores-ven-con-optimismo-el-desarrollo-de-la-campana-de-citricos-de-argentina","status":"publish","type":"post","link":"https:\/\/www.topinfo.com.ar\/en\/2020\/03\/06\/productores-ven-con-optimismo-el-desarrollo-de-la-campana-de-citricos-de-argentina\/","title":{"rendered":"Productores ven con optimismo el desarrollo de la campa\u00f1a de c\u00edtricos de Argentina"},"content":{"rendered":"<div id=\"fws_69f1fff76adba\"  data-column-margin=\"default\" data-midnight=\"dark\"  class=\"wpb_row vc_row-fluid vc_row\"  style=\"padding-top: 0px; padding-bottom: 0px; \"><div class=\"row-bg-wrap\" data-bg-animation=\"none\" data-bg-animation-delay=\"\" data-bg-overlay=\"false\"><div class=\"inner-wrap row-bg-layer\" ><div class=\"row-bg viewport-desktop\"  style=\"\"><\/div><\/div><\/div><div class=\"row_col_wrap_12 col span_12 dark left\">\n\t<div  class=\"vc_col-sm-12 wpb_column column_container vc_column_container col no-extra-padding\"  data-padding-pos=\"all\" data-has-bg-color=\"false\" data-bg-color=\"\" data-bg-opacity=\"1\" data-animation=\"\" data-delay=\"0\" >\n\t\t<div class=\"vc_column-inner\" >\n\t\t\t<div class=\"wpb_wrapper\">\n\t\t\t\t\n<div class=\"wpb_text_column wpb_content_element\" >\n\t<div class=\"wpb_wrapper\">\n\t\t<p>Las exportaciones de c\u00edtricos de Argentina est\u00e1n iniciando y, ante esto, el presidente de la Federaci\u00f3n Argentina de C\u00edtricos, (Federcitrus), Jos\u00e9 Carbonell, coment\u00f3 a PortalFrut\u00edcola.com los principales desaf\u00edos de la industria para esta campa\u00f1a.<\/p>\n\t<\/div>\n<\/div>\n\n\n\n\n\t\t\t<\/div> \n\t\t<\/div>\n\t<\/div> \n<\/div><\/div>\n\t\t<div id=\"fws_69f1fff76b281\"  data-column-margin=\"default\" data-midnight=\"dark\"  class=\"wpb_row vc_row-fluid vc_row\"  style=\"padding-top: 0px; padding-bottom: 0px; \"><div class=\"row-bg-wrap\" data-bg-animation=\"none\" data-bg-animation-delay=\"\" data-bg-overlay=\"false\"><div class=\"inner-wrap row-bg-layer\" ><div class=\"row-bg viewport-desktop\"  style=\"\"><\/div><\/div><\/div><div class=\"row_col_wrap_12 col span_12 dark left\">\n\t<div  class=\"vc_col-sm-12 wpb_column column_container vc_column_container col no-extra-padding\"  data-padding-pos=\"all\" data-has-bg-color=\"false\" data-bg-color=\"\" data-bg-opacity=\"1\" data-animation=\"\" data-delay=\"0\" >\n\t\t<div class=\"vc_column-inner\" >\n\t\t\t<div class=\"wpb_wrapper\">\n\t\t\t\t<div class=\"img-with-aniamtion-wrap center\" data-max-width=\"100%\" data-max-width-mobile=\"100%\" data-shadow=\"none\" data-animation=\"fade-in\" >\n      <div class=\"inner\">\n        <div class=\"hover-wrap\"> \n          <div class=\"hover-wrap-inner\">\n            <img loading=\"lazy\" decoding=\"async\" class=\"img-with-animation skip-lazy\" data-delay=\"0\" height=\"425\" width=\"729\" data-animation=\"fade-in\" src=\"https:\/\/www.topinfo.com.ar\/wp-content\/uploads\/2020\/03\/04d8b3762ec4095a1.jpg\" alt=\"\"  \/>\n          <\/div>\n        <\/div>\n      <\/div>\n    <\/div>\n\t\t\t<\/div> \n\t\t<\/div>\n\t<\/div> \n<\/div><\/div>\n\t\t<div id=\"fws_69f1fff76b7f0\"  data-column-margin=\"default\" data-midnight=\"dark\"  class=\"wpb_row vc_row-fluid vc_row\"  style=\"padding-top: 0px; padding-bottom: 0px; \"><div class=\"row-bg-wrap\" data-bg-animation=\"none\" data-bg-animation-delay=\"\" data-bg-overlay=\"false\"><div class=\"inner-wrap row-bg-layer\" ><div class=\"row-bg viewport-desktop\"  style=\"\"><\/div><\/div><\/div><div class=\"row_col_wrap_12 col span_12 dark left\">\n\t<div  class=\"vc_col-sm-12 wpb_column column_container vc_column_container col no-extra-padding\"  data-padding-pos=\"all\" data-has-bg-color=\"false\" data-bg-color=\"\" data-bg-opacity=\"1\" data-animation=\"\" data-delay=\"0\" >\n\t\t<div class=\"vc_column-inner\" >\n\t\t\t<div class=\"wpb_wrapper\">\n\t\t\t\t\n<div class=\"wpb_text_column wpb_content_element\" >\n\t<div class=\"wpb_wrapper\">\n\t\t<p style=\"text-align: justify;\">Explic\u00f3 que en estos primeros d\u00edas se ha podido visualizar un leve descenso en la producci\u00f3n de lim\u00f3n y mandarina. Puntualiz\u00f3 que el descenso no ser\u00eda muy marcado, pero \u201cme parece que este a\u00f1o, hasta lo que se ve ahora, hay una proyecci\u00f3n un poco menor que la del a\u00f1o pasado para lim\u00f3n y mandarinas\u201d.<\/p>\n\t<\/div>\n<\/div>\n\n\n\n\n<div class=\"wpb_text_column wpb_content_element\" >\n\t<div class=\"wpb_wrapper\">\n\t\t<p style=\"text-align: justify;\">Este descenso podr\u00eda deberse a problemas clim\u00e1ticos. Carbonell explic\u00f3 que hubo dos periodos de sequ\u00eda bastante marcados, con impacto tambi\u00e9n en otros cultivos.\u00a0\u201cEvidentemente impact\u00f3 tambi\u00e9n en el desarrollo del tama\u00f1o de la fruta. Cuando hablo de menor volumen no me refiero exclusivamente a cantidades de unidades, sino tambi\u00e9n a tama\u00f1o\u201d, expres\u00f3 Carbonell.<\/p>\n\t<\/div>\n<\/div>\n\n\n\n\n\t\t\t<\/div> \n\t\t<\/div>\n\t<\/div> \n<\/div><\/div>\n\t\t<div id=\"fws_69f1fff76bb49\"  data-column-margin=\"default\" data-midnight=\"dark\"  class=\"wpb_row vc_row-fluid vc_row\"  style=\"padding-top: 40px; padding-bottom: 40px; \"><div class=\"row-bg-wrap\" data-bg-animation=\"none\" data-bg-animation-delay=\"\" data-bg-overlay=\"false\"><div class=\"inner-wrap row-bg-layer\" ><div class=\"row-bg viewport-desktop\"  style=\"\"><\/div><\/div><\/div><div class=\"row_col_wrap_12 col span_12 dark left\">\n\t<div  class=\"vc_col-sm-12 wpb_column column_container vc_column_container col no-extra-padding\"  data-padding-pos=\"all\" data-has-bg-color=\"false\" data-bg-color=\"\" data-bg-opacity=\"1\" data-animation=\"\" data-delay=\"0\" >\n\t\t<div class=\"vc_column-inner\" >\n\t\t\t<div class=\"wpb_wrapper\">\n\t\t\t\t<div class=\"nectar-split-heading\" data-align=\"default\" data-m-align=\"inherit\" data-text-effect=\"default\" data-animation-type=\"default\" data-animation-delay=\"0\" data-animation-offset=\"\" data-m-rm-animation=\"\" data-stagger=\"\" data-custom-font-size=\"false\" ><div class=\"heading-line\" > <div><h2><span style=\"color: #993300;\"><b>Optimismo en la exportaci\u00f3n de c\u00edtricos<\/b><\/span><\/h2> <\/div> <\/div><div class=\"heading-line\" > <div><p style=\"text-align: justify;\">Pese a problemas que podr\u00edan incidir en el volumen y calibre de los c\u00edtricos argentinos, Carbonell se muestra optimista en cuanto a la campa\u00f1a.<\/p> <\/div> <\/div><div class=\"heading-line\" > <div><p style=\"text-align: justify;\">\u201cEste a\u00f1o estamos optimistas en cuanto al mercado fresco. Creemos que vamos a superar lo que hemos venido haciendo con cierta holgura\u201d, a\u00f1adi\u00f3.<\/p> <\/div> <\/div><div class=\"heading-line\" > <div><p style=\"text-align: justify;\">Puntualiz\u00f3 que la estimaci\u00f3n previa es que se podr\u00eda llegar a las 300 mil toneladas de fresco. Sin embargo, recalc\u00f3 tambi\u00e9n que lo importante son los n\u00fameros finales, ya que las estimaciones podr\u00edan variar de acuerdo a c\u00f3mo se desarrolla la temporada, debido a los cambios que siempre tienen los mercados.<\/p> <\/div> <\/div><\/div>\n\t\t\t<\/div> \n\t\t<\/div>\n\t<\/div> \n<\/div><\/div>\n\t\t<div id=\"fws_69f1fff76bed7\"  data-column-margin=\"default\" data-midnight=\"dark\"  class=\"wpb_row vc_row-fluid vc_row\"  style=\"padding-top: 40px; padding-bottom: 40px; \"><div class=\"row-bg-wrap\" data-bg-animation=\"none\" data-bg-animation-delay=\"\" data-bg-overlay=\"false\"><div class=\"inner-wrap row-bg-layer\" ><div class=\"row-bg viewport-desktop\"  style=\"\"><\/div><\/div><\/div><div class=\"row_col_wrap_12 col span_12 dark left\">\n\t<div  class=\"vc_col-sm-12 wpb_column column_container vc_column_container col no-extra-padding\"  data-padding-pos=\"all\" data-has-bg-color=\"false\" data-bg-color=\"\" data-bg-opacity=\"1\" data-animation=\"\" data-delay=\"0\" >\n\t\t<div class=\"vc_column-inner\" >\n\t\t\t<div class=\"wpb_wrapper\">\n\t\t\t\t<div class=\"nectar-split-heading\" data-align=\"default\" data-m-align=\"inherit\" data-text-effect=\"default\" data-animation-type=\"default\" data-animation-delay=\"0\" data-animation-offset=\"\" data-m-rm-animation=\"\" data-stagger=\"\" data-custom-font-size=\"false\" ><div class=\"heading-line\" > <div><h2><span style=\"color: #993300;\"><b>Desaf\u00edos fitosanitarios<\/b><\/span><\/h2> <\/div> <\/div><div class=\"heading-line\" > <div><p style=\"text-align: justify;\">Las campa\u00f1as tienen que enfrentar diversos desaf\u00edos a lo largo de su desarrollo. Ante esto, Jos\u00e9 Carbonell explic\u00f3 que uno de los desaf\u00edos, en los c\u00edtricos de Argentina, se enfoca en los protocolos y cuidados fitosanitarios.<\/p> <\/div> <\/div><div class=\"heading-line\" > <div><p style=\"text-align: justify;\">\u201cParticularmente la mancha negra es una cuarentenaria dif\u00edcil de detectar. Eso hace que haya que extremar los cuidados tanto en campo, como en empaque para evitarla\u201d, recalc\u00f3 Carbonell.<\/p> <\/div> <\/div><div class=\"heading-line\" > <div><p style=\"text-align: justify;\">El presidente de Federcitus dijo que cada vez las exigencias son mayores en los pa\u00edses donde se exporta; sobre todo en cuanto a residuos y requerimientos fitosanitarios por parte de cadenas de supermercados de Europa y EE. UU.<\/p> <\/div> <\/div><\/div><div class=\"nectar-split-heading\" data-align=\"default\" data-m-align=\"inherit\" data-text-effect=\"default\" data-animation-type=\"default\" data-animation-delay=\"0\" data-animation-offset=\"\" data-m-rm-animation=\"\" data-stagger=\"\" data-custom-font-size=\"false\" ><div class=\"heading-line\" > <div>\u201cHay cada vez mayores restricciones para las armas de combate a las plagas fitosanitarias; lo cual hace que el desaf\u00edo de obtener fruta de calidad y sana sea complejo\u201d, argument\u00f3 Carbonell.<\/p> <\/div> <\/div><div class=\"heading-line\" > <div><p style=\"text-align: justify;\">Otro desaf\u00edo es concretar las exportaciones a China, tras haber firmado el protocolo a fines del a\u00f1o pasado.<\/p> <\/div> <\/div><div class=\"heading-line\" > <div><p style=\"text-align: justify;\">\u201cEl caso particular de China es que este a\u00f1o hay muchas cosas que est\u00e1n atrasadas por el coronavirus. Esto afecta a todos, sin hablar de lo que es la log\u00edstica. Sabemos que hay decenas de contenedores detenidos en China y se afecta el comercio de todo el mundo\u201d, explic\u00f3 Jos\u00e9 Carbonell.<\/p> <\/div> <\/div><div class=\"heading-line\" > <div><p style=\"text-align: justify;\">Tambi\u00e9n est\u00e1n atentos al desarrollo de los mercados nuevos para los c\u00edtricos de Argentina; los que fueron abri\u00e9ndose dentro de los \u00faltimos a\u00f1os, como, por ejemplo, Brasil, M\u00e9xico, Colombia e India.<\/p> <\/div> <\/div><\/div>\n\t\t\t<\/div> \n\t\t<\/div>\n\t<\/div> \n<\/div><\/div>\n\t\t<div id=\"fws_69f1fff76c249\"  data-column-margin=\"default\" data-midnight=\"dark\"  class=\"wpb_row vc_row-fluid vc_row\"  style=\"padding-top: 40px; padding-bottom: 40px; \"><div class=\"row-bg-wrap\" data-bg-animation=\"none\" data-bg-animation-delay=\"\" data-bg-overlay=\"false\"><div class=\"inner-wrap row-bg-layer\" ><div class=\"row-bg viewport-desktop\"  style=\"\"><\/div><\/div><\/div><div class=\"row_col_wrap_12 col span_12 dark left\">\n\t<div  class=\"vc_col-sm-12 wpb_column column_container vc_column_container col no-extra-padding\"  data-padding-pos=\"all\" data-has-bg-color=\"false\" data-bg-color=\"\" data-bg-opacity=\"1\" data-animation=\"\" data-delay=\"0\" >\n\t\t<div class=\"vc_column-inner\" >\n\t\t\t<div class=\"wpb_wrapper\">\n\t\t\t\t<div class=\"nectar-split-heading\" data-align=\"default\" data-m-align=\"inherit\" data-text-effect=\"default\" data-animation-type=\"default\" data-animation-delay=\"0\" data-animation-offset=\"\" data-m-rm-animation=\"\" data-stagger=\"\" data-custom-font-size=\"false\" ><div class=\"heading-line\" > <div><h2><span style=\"color: #993300;\"><b>Desarrollo de nuevas variedades y otros desaf\u00edos<\/b><\/span><\/h2> <\/div> <\/div><div class=\"heading-line\" > <div><p style=\"text-align: justify;\">En el punto del desarrollo de nuevas variedades, el presidente de Federcitrus coment\u00f3 que en los limones est\u00e1n esperando la aprobaci\u00f3n de algunas variedades nuevas.<\/p> <\/div> <\/div><div class=\"heading-line\" > <div><p style=\"text-align: justify;\">En cuanto a mandarinas dijo que la crisis que afect\u00f3 a ciertas regiones de Argentina demor\u00f3 el recambio de algunas variedades. De cualquier manera, argument\u00f3 que \u201cson procesos que confiamos se van a ir cumpliendo\u201d.<\/p> <\/div> <\/div><div class=\"heading-line\" > <div><p style=\"text-align: justify;\">A su vez, Carbonell inform\u00f3 que est\u00e1n bastante expectantes a la firma y puesta en marcha del Acuerdo de Libre Comercio entre el Mercosur y la Uni\u00f3n Europea.<\/p> <\/div> <\/div><div class=\"heading-line\" > <div><p style=\"text-align: justify;\">Tambi\u00e9n dijo que estar\u00e1n atentos a las acciones que podr\u00eda llegar a realizar la World Citrus Organization, de la que a\u00fan no son miembros, pero \u201cque tiene entre sus objetivos centrales la promoci\u00f3n y el consumo de c\u00edtricos en general\u201d.<\/p> <\/div> <\/div><div class=\"heading-line\" > <div><p style=\"text-align: justify;\">Afirm\u00f3 que observar\u00e1n de cerca el desarrollo de la organizaci\u00f3n para ver si ser\u00e1 conveniente sumarse en el futuro. Finalmente, Carbonell estipul\u00f3 que est\u00e1 con la expectativa firme de todos los a\u00f1os de desarrollar una campa\u00f1a positiva \u201ccon buena calidad, ausencia de problemas fitosanitarios y poder superar las medias anteriores; con precios que acompa\u00f1en el proceso\u201d.<\/p> <\/div> <\/div><\/div>\n\t\t\t<\/div> \n\t\t<\/div>\n\t<\/div> \n<\/div><\/div>\n\t\t<div id=\"fws_69f1fff76c563\"  data-column-margin=\"default\" data-midnight=\"dark\"  class=\"wpb_row vc_row-fluid vc_row\"  style=\"padding-top: 40px; padding-bottom: 40px; \"><div class=\"row-bg-wrap\" data-bg-animation=\"none\" data-bg-animation-delay=\"\" data-bg-overlay=\"false\"><div class=\"inner-wrap row-bg-layer\" ><div class=\"row-bg viewport-desktop\"  style=\"\"><\/div><\/div><\/div><div class=\"row_col_wrap_12 col span_12 dark left\">\n\t<div  class=\"vc_col-sm-12 wpb_column column_container vc_column_container col no-extra-padding\"  data-padding-pos=\"all\" data-has-bg-color=\"false\" data-bg-color=\"\" data-bg-opacity=\"1\" data-animation=\"\" data-delay=\"0\" >\n\t\t<div class=\"vc_column-inner\" >\n\t\t\t<div class=\"wpb_wrapper\">\n\t\t\t\t<div class=\"nectar-split-heading\" data-align=\"default\" data-m-align=\"inherit\" data-text-effect=\"default\" data-animation-type=\"default\" data-animation-delay=\"0\" data-animation-offset=\"\" data-m-rm-animation=\"\" data-stagger=\"\" data-custom-font-size=\"false\" ><div class=\"heading-line\" > <div><h3>Fuente:<a href=\"https:\/\/www.fecier.org.ar\/noticias\/4852_productores-ven-con-optimismo-el-desarrollo-de-la-campana-de-citricos-de-argentina.html\" target=\"_blank\" rel=\"noopener noreferrer\"> Federaci\u00f3n de C\u00edtrus de Entre R\u00edos\u00a0<\/a><\/h3> <\/div> <\/div><\/div>\n\t\t\t<\/div> \n\t\t<\/div>\n\t<\/div> \n<\/div><\/div>","protected":false},"excerpt":{"rendered":"Las exportaciones de c\u00edtricos de Argentina est\u00e1n iniciando y, ante esto, el presidente de la...","protected":false},"author":2,"featured_media":6507,"comment_status":"closed","ping_status":"open","sticky":false,"template":"","format":"standard","meta":{"footnotes":""},"categories":[1],"tags":[24,99,124],"class_list":{"0":"post-6604","1":"post","2":"type-post","3":"status-publish","4":"format-standard","5":"has-post-thumbnail","7":"category-citricos","8":"tag-argentina","9":"tag-citricos","10":"tag-federcitrus"},"_links":{"self":[{"href":"https:\/\/www.topinfo.com.ar\/en\/wp-json\/wp\/v2\/posts\/6604"}],"collection":[{"href":"https:\/\/www.topinfo.com.ar\/en\/wp-json\/wp\/v2\/posts"}],"about":[{"href":"https:\/\/www.topinfo.com.ar\/en\/wp-json\/wp\/v2\/types\/post"}],"author":[{"embeddable":true,"href":"https:\/\/www.topinfo.com.ar\/en\/wp-json\/wp\/v2\/users\/2"}],"replies":[{"embeddable":true,"href":"https:\/\/www.topinfo.com.ar\/en\/wp-json\/wp\/v2\/comments?post=6604"}],"version-history":[{"count":0,"href":"https:\/\/www.topinfo.com.ar\/en\/wp-json\/wp\/v2\/posts\/6604\/revisions"}],"wp:featuredmedia":[{"embeddable":true,"href":"https:\/\/www.topinfo.com.ar\/en\/wp-json\/wp\/v2\/media\/6507"}],"wp:attachment":[{"href":"https:\/\/www.topinfo.com.ar\/en\/wp-json\/wp\/v2\/media?parent=6604"}],"wp:term":[{"taxonomy":"category","embeddable":true,"href":"https:\/\/www.topinfo.com.ar\/en\/wp-json\/wp\/v2\/categories?post=6604"},{"taxonomy":"post_tag","embeddable":true,"href":"https:\/\/www.topinfo.com.ar\/en\/wp-json\/wp\/v2\/tags?post=6604"}],"curies":[{"name":"wp","href":"https:\/\/api.w.org\/{rel}","templated":true}]}}