{"id":6622,"date":"2020-03-16T09:20:04","date_gmt":"2020-03-16T12:20:04","guid":{"rendered":"http:\/\/www.topinfo.com.ar\/?p=6622"},"modified":"2020-03-13T11:37:33","modified_gmt":"2020-03-13T14:37:33","slug":"espana-los-citricos-y-el-efecto-domino-del-coronavirus","status":"publish","type":"post","link":"https:\/\/www.topinfo.com.ar\/en\/2020\/03\/16\/espana-los-citricos-y-el-efecto-domino-del-coronavirus\/","title":{"rendered":"Espa\u00f1a: los c\u00edtricos y el efecto domin\u00f3 del coronavirus"},"content":{"rendered":"<div id=\"fws_69f1ebd3a4cf0\"  data-column-margin=\"default\" data-midnight=\"dark\"  class=\"wpb_row vc_row-fluid vc_row\"  style=\"padding-top: 0px; padding-bottom: 0px; \"><div class=\"row-bg-wrap\" data-bg-animation=\"none\" data-bg-animation-delay=\"\" data-bg-overlay=\"false\"><div class=\"inner-wrap row-bg-layer\" ><div class=\"row-bg viewport-desktop\"  style=\"\"><\/div><\/div><\/div><div class=\"row_col_wrap_12 col span_12 dark left\">\n\t<div  class=\"vc_col-sm-12 wpb_column column_container vc_column_container col no-extra-padding\"  data-padding-pos=\"all\" data-has-bg-color=\"false\" data-bg-color=\"\" data-bg-opacity=\"1\" data-animation=\"\" data-delay=\"0\" >\n\t\t<div class=\"vc_column-inner\" >\n\t\t\t<div class=\"wpb_wrapper\">\n\t\t\t\t\n<div class=\"wpb_text_column wpb_content_element\" >\n\t<div class=\"wpb_wrapper\">\n\t\t<p style=\"text-align: justify;\">El COVID-19 est\u00e1 generando una gran incertidumbre en la segunda parte de la temporada de c\u00edtricos en la Comunidad Valenciana. Hasta el 23 de febrero, solo se hab\u00edan exportado 2,368 toneladas de c\u00edtricos a China, una cifra muy lejos de las 5,258 toneladas del mismo per\u00edodo del a\u00f1o pasado.<\/p>\n\t<\/div>\n<\/div>\n\n\n\n<div class=\"nectar-split-heading\" data-align=\"default\" data-m-align=\"inherit\" data-text-effect=\"default\" data-animation-type=\"default\" data-animation-delay=\"0\" data-animation-offset=\"\" data-m-rm-animation=\"\" data-stagger=\"\" data-custom-font-size=\"false\" ><div class=\"heading-line\" > <div>Este es un duro golpe para el sector de los c\u00edtricos, ya que China es el tercer destino m\u00e1s importante para los c\u00edtricos valencianos fuera de la UE, despu\u00e9s de Canad\u00e1 y Suiza. <\/div> <\/div><\/div><div class=\"nectar-split-heading\" data-align=\"default\" data-m-align=\"inherit\" data-text-effect=\"default\" data-animation-type=\"default\" data-animation-delay=\"0\" data-animation-offset=\"\" data-m-rm-animation=\"\" data-stagger=\"\" data-custom-font-size=\"false\" ><div class=\"heading-line\" > <div>Las buenas perspectivas que existieron despu\u00e9s del repunte de las ventas a China en 2019 , cuando la demanda aument\u00f3 un 63% en comparaci\u00f3n con 2018, llegando casi a las 45,000 toneladas, parecen estar disip\u00e1ndose. <\/div> <\/div><\/div><div class=\"nectar-split-heading\" data-align=\"default\" data-m-align=\"inherit\" data-text-effect=\"default\" data-animation-type=\"default\" data-animation-delay=\"0\" data-animation-offset=\"\" data-m-rm-animation=\"\" data-stagger=\"\" data-custom-font-size=\"false\" ><div class=\"heading-line\" > <div>El Comit\u00e9 de Gesti\u00f3n de C\u00edtricos (CGC), una organizaci\u00f3n sectorial espa\u00f1ola, dice que el efecto corona en el mercado europeo \u201ca\u00fan debe definirse\u201d, ya que la crisis estall\u00f3 semanas antes de que comenzara el per\u00edodo de mayor flujo comercial. Se\u00f1alan que \u201cChina fue, junto con Canad\u00e1, el tercer pa\u00eds con el mayor crecimiento , y ahora, especialmente relevante mientras se mantengan los aranceles de Estados Unidos, hay una gran perspectiva\u201d. <\/div> <\/div><\/div>\n\t\t\t<\/div> \n\t\t<\/div>\n\t<\/div> \n<\/div><\/div>\n\t\t<div id=\"fws_69f1ebd3a549f\"  data-column-margin=\"default\" data-midnight=\"dark\"  class=\"wpb_row vc_row-fluid vc_row\"  style=\"padding-top: 0px; padding-bottom: 20px; \"><div class=\"row-bg-wrap\" data-bg-animation=\"none\" data-bg-animation-delay=\"\" data-bg-overlay=\"false\"><div class=\"inner-wrap row-bg-layer\" ><div class=\"row-bg viewport-desktop\"  style=\"\"><\/div><\/div><\/div><div class=\"row_col_wrap_12 col span_12 dark left\">\n\t<div  class=\"vc_col-sm-12 wpb_column column_container vc_column_container col no-extra-padding\"  data-padding-pos=\"all\" data-has-bg-color=\"false\" data-bg-color=\"\" data-bg-opacity=\"1\" data-animation=\"\" data-delay=\"0\" >\n\t\t<div class=\"vc_column-inner\" >\n\t\t\t<div class=\"wpb_wrapper\">\n\t\t\t\t\n<div class=\"wpb_text_column wpb_content_element  wpb_animate_when_almost_visible wpb_fadeInUp fadeInUp\" >\n\t<div class=\"wpb_wrapper\">\n\t\t<h2><span style=\"color: #993300;\">Colapso de los puertos chinos<\/span><\/h2>\n<p style=\"text-align: justify;\">Debido a la cuarentena impuesta en diferentes \u00e1reas y las restricciones a los movimientos de mercanc\u00edas, entre otros elementos, las terminales de contenedores chinas en los principales puertos de Shanghai, Xinyang, Tianjin y Ningbo se han derrumbado y forzado en muchos casos el desv\u00edo de env\u00edos a otros puertos. en la regi\u00f3n, como Hong Kong, Malasia, Vietnam o Taiw\u00e1n.<\/p>\n\t<\/div>\n<\/div>\n\n\n\n<div class=\"nectar-split-heading\" data-align=\"default\" data-m-align=\"inherit\" data-text-effect=\"default\" data-animation-type=\"default\" data-animation-delay=\"0\" data-animation-offset=\"\" data-m-rm-animation=\"\" data-stagger=\"\" data-custom-font-size=\"false\" ><div class=\"heading-line\" > <div>La situaci\u00f3n ha dejado contenedores en el limbo, sin descargar durante d\u00edas o incluso semanas, como es el caso de las importaciones de fruta de verano y fruta de hueso del hemisferio sur (alrededor de 20,000 toneladas de cerezas de Chile, as\u00ed como otros productos de Per\u00fa y Argentina ), aumentando el costo de los contenedores refrigerados en un 30-50%. <\/div> <\/div><\/div><div class=\"nectar-split-heading\" data-align=\"default\" data-m-align=\"inherit\" data-text-effect=\"default\" data-animation-type=\"default\" data-animation-delay=\"0\" data-animation-offset=\"\" data-m-rm-animation=\"\" data-stagger=\"\" data-custom-font-size=\"false\" ><div class=\"heading-line\" > <div>Los efectos para Espa\u00f1a tambi\u00e9n podr\u00edan tener repercusiones en su comercio con otros mercados no pertenecientes a la UE. \u201cNo es una situaci\u00f3n particular para los c\u00edtricos porque afecta a todos los productos perecederos\u201d, explica CGC. <\/div> <\/div><\/div><div class=\"nectar-split-heading\" data-align=\"default\" data-m-align=\"inherit\" data-text-effect=\"default\" data-animation-type=\"default\" data-animation-delay=\"0\" data-animation-offset=\"\" data-m-rm-animation=\"\" data-stagger=\"\" data-custom-font-size=\"false\" ><div class=\"heading-line\" > <div><p style=\"text-align: justify;\">\u201cTenemos que aceptar un aumento en el precio que se hace cada d\u00eda m\u00e1s fuerte y esto podr\u00eda da\u00f1ar nuestra posici\u00f3n competitiva en mercados no pertenecientes a la UE y empeorar nuestra dependencia de los mercados europeos , donde ya enviamos 91-93% de nuestras exportaciones\u201d.<\/p> <\/div> <\/div><\/div>\n\t\t\t<\/div> \n\t\t<\/div>\n\t<\/div> \n<\/div><\/div>\n\t\t<div id=\"fws_69f1ebd3a58a7\"  data-column-margin=\"default\" data-midnight=\"dark\"  class=\"wpb_row vc_row-fluid vc_row\"  style=\"padding-top: 0px; padding-bottom: 20px; \"><div class=\"row-bg-wrap\" data-bg-animation=\"none\" data-bg-animation-delay=\"\" data-bg-overlay=\"false\"><div class=\"inner-wrap row-bg-layer\" ><div class=\"row-bg viewport-desktop\"  style=\"\"><\/div><\/div><\/div><div class=\"row_col_wrap_12 col span_12 dark left\">\n\t<div  class=\"vc_col-sm-12 wpb_column column_container vc_column_container col no-extra-padding\"  data-padding-pos=\"all\" data-has-bg-color=\"false\" data-bg-color=\"\" data-bg-opacity=\"1\" data-animation=\"\" data-delay=\"0\" >\n\t\t<div class=\"vc_column-inner\" >\n\t\t\t<div class=\"wpb_wrapper\">\n\t\t\t\t\n<div class=\"wpb_text_column wpb_content_element  wpb_animate_when_almost_visible wpb_fadeInUp fadeInUp\" >\n\t<div class=\"wpb_wrapper\">\n\t\t<h2><span style=\"color: #993300;\">Competidores de c\u00edtricos espa\u00f1oles<\/span><\/h2>\n<p style=\"text-align: justify;\">En medio de este escenario, los competidores directos de Espa\u00f1a con respecto a los c\u00edtricos, como Egipto , que en 2018\/19 export\u00f3 200,000 toneladas de naranjas a China, podr\u00edan desviar una gran parte de su producci\u00f3n a Europa, causando un desequilibrio de precios en el continente.<\/p>\n\t<\/div>\n<\/div>\n\n\n\n<div class=\"nectar-split-heading\" data-align=\"default\" data-m-align=\"inherit\" data-text-effect=\"default\" data-animation-type=\"default\" data-animation-delay=\"0\" data-animation-offset=\"\" data-m-rm-animation=\"\" data-stagger=\"\" data-custom-font-size=\"false\" ><div class=\"heading-line\" > <div><p style=\"text-align: justify;\">\u201cLa producci\u00f3n espa\u00f1ola de naranja que iba a China ahora intentar\u00e1 ser enviada por cami\u00f3n a Europa . En el caso de Egipto , sus exportadores deber\u00e1n asumir un aumento en el costo de los contenedores, pero no podemos olvidar que tienen mucho m\u00e1s margen que nosotros porque sus costos de producci\u00f3n son mucho m\u00e1s bajos que los de Espa\u00f1a \u201d, se\u00f1ala la organizaci\u00f3n.<\/p> <\/div> <\/div><\/div><div class=\"nectar-split-heading\" data-align=\"default\" data-m-align=\"inherit\" data-text-effect=\"default\" data-animation-type=\"default\" data-animation-delay=\"0\" data-animation-offset=\"\" data-m-rm-animation=\"\" data-stagger=\"\" data-custom-font-size=\"false\" ><div class=\"heading-line\" > <div><p style=\"text-align: justify;\">El a\u00f1o pasado, Egipto export\u00f3 casi 300,000 toneladas a pa\u00edses de la UE, consolidando su posici\u00f3n como el proveedor l\u00edder fuera de la UE en el Mediterr\u00e1neo, en competencia directa con Espa\u00f1a<\/p> <\/div> <\/div><\/div>\n\t\t\t<\/div> \n\t\t<\/div>\n\t<\/div> \n<\/div><\/div>\n\t\t<div id=\"fws_69f1ebd3a5c56\"  data-column-margin=\"default\" data-midnight=\"dark\"  class=\"wpb_row vc_row-fluid vc_row\"  style=\"padding-top: 0px; padding-bottom: 20px; \"><div class=\"row-bg-wrap\" data-bg-animation=\"none\" data-bg-animation-delay=\"\" data-bg-overlay=\"false\"><div class=\"inner-wrap row-bg-layer\" ><div class=\"row-bg viewport-desktop\"  style=\"\"><\/div><\/div><\/div><div class=\"row_col_wrap_12 col span_12 dark left\">\n\t<div  class=\"vc_col-sm-12 wpb_column column_container vc_column_container col no-extra-padding\"  data-padding-pos=\"all\" data-has-bg-color=\"false\" data-bg-color=\"\" data-bg-opacity=\"1\" data-animation=\"\" data-delay=\"0\" >\n\t\t<div class=\"vc_column-inner\" >\n\t\t\t<div class=\"wpb_wrapper\">\n\t\t\t\t\n<div class=\"wpb_text_column wpb_content_element  wpb_animate_when_almost_visible wpb_fadeInUp fadeInUp\" >\n\t<div class=\"wpb_wrapper\">\n\t\t<h2><span style=\"color: #993300;\">Volatilidad de precios<\/span><\/h2>\n<p>El comercio de frutas en Asia tambi\u00e9n se ha visto considerablemente afectado, porque China es un importante proveedor de manzanas, peras y uvas para el sudeste asi\u00e1tico, as\u00ed como un importante importador de frutas tropicales de la regi\u00f3n.<\/p>\n\t<\/div>\n<\/div>\n\n\n\n<div class=\"nectar-split-heading\" data-align=\"default\" data-m-align=\"inherit\" data-text-effect=\"default\" data-animation-type=\"default\" data-animation-delay=\"0\" data-animation-offset=\"\" data-m-rm-animation=\"\" data-stagger=\"\" data-custom-font-size=\"false\" ><div class=\"heading-line\" > <div><p style=\"text-align: justify;\">En lo que respecta a Espa\u00f1a , un ejemplo muy espec\u00edfico ser\u00eda Indonesia . Sus importaciones de ajo dependen en un 90% de China. Con un aumento actual de los precios del 24%, los importadores indonesios est\u00e1n buscando fuentes alternativas de este producto en pa\u00edses como Espa\u00f1a y Argentina.<\/p> <\/div> <\/div><\/div>\n\t\t\t<\/div> \n\t\t<\/div>\n\t<\/div> \n<\/div><\/div>\n\t\t<div id=\"fws_69f1ebd3a5fc5\"  data-column-margin=\"default\" data-midnight=\"dark\"  class=\"wpb_row vc_row-fluid vc_row\"  style=\"padding-top: 0px; padding-bottom: 20px; \"><div class=\"row-bg-wrap\" data-bg-animation=\"none\" data-bg-animation-delay=\"\" data-bg-overlay=\"false\"><div class=\"inner-wrap row-bg-layer\" ><div class=\"row-bg viewport-desktop\"  style=\"\"><\/div><\/div><\/div><div class=\"row_col_wrap_12 col span_12 dark left\">\n\t<div  class=\"vc_col-sm-12 wpb_column column_container vc_column_container col no-extra-padding\"  data-padding-pos=\"all\" data-has-bg-color=\"false\" data-bg-color=\"\" data-bg-opacity=\"1\" data-animation=\"\" data-delay=\"0\" >\n\t\t<div class=\"vc_column-inner\" >\n\t\t\t<div class=\"wpb_wrapper\">\n\t\t\t\t\n<div class=\"wpb_text_column wpb_content_element  wpb_animate_when_almost_visible wpb_fadeInUp fadeInUp\" >\n\t<div class=\"wpb_wrapper\">\n\t\t<h2><span style=\"color: #993300;\">Oportunidades de consumo<\/span><\/h2>\n<p>El coronavirus tambi\u00e9n representa una oportunidad para el sector de frutas y verduras. Los consumidores buscan alimentos que se perciben como beneficiosos para la salud, incluso con efectos preventivos, principalmente porque el equipo de expertos convocado por la Comisi\u00f3n Nacional de Salud de China inform\u00f3 que la vitamina C puede aumentar la inmunidad al virus.<\/p>\n\t<\/div>\n<\/div>\n\n\n\n<div class=\"nectar-split-heading\" data-align=\"default\" data-m-align=\"inherit\" data-text-effect=\"default\" data-animation-type=\"default\" data-animation-delay=\"0\" data-animation-offset=\"\" data-m-rm-animation=\"\" data-stagger=\"\" data-custom-font-size=\"false\" ><div class=\"heading-line\" > <div><p style=\"text-align: justify;\">Cabe recordar que las ventas de productos ricos en vitamina C, como los c\u00edtricos y los kiwis, se dispararon durante la crisis del SARS en 2003.<\/p> <\/div> <\/div><\/div>\n\t\t\t<\/div> \n\t\t<\/div>\n\t<\/div> \n<\/div><\/div>\n\t\t<div id=\"fws_69f1ebd3a6326\"  data-column-margin=\"default\" data-midnight=\"dark\"  class=\"wpb_row vc_row-fluid vc_row\"  style=\"padding-top: 40px; padding-bottom: 40px; \"><div class=\"row-bg-wrap\" data-bg-animation=\"none\" data-bg-animation-delay=\"\" data-bg-overlay=\"false\"><div class=\"inner-wrap row-bg-layer\" ><div class=\"row-bg viewport-desktop\"  style=\"\"><\/div><\/div><\/div><div class=\"row_col_wrap_12 col span_12 dark left\">\n\t<div  class=\"vc_col-sm-12 wpb_column column_container vc_column_container col no-extra-padding\"  data-padding-pos=\"all\" data-has-bg-color=\"false\" data-bg-color=\"\" data-bg-opacity=\"1\" data-animation=\"\" data-delay=\"0\" >\n\t\t<div class=\"vc_column-inner\" >\n\t\t\t<div class=\"wpb_wrapper\">\n\t\t\t\t<div class=\"nectar-split-heading\" data-align=\"default\" data-m-align=\"inherit\" data-text-effect=\"default\" data-animation-type=\"default\" data-animation-delay=\"0\" data-animation-offset=\"\" data-m-rm-animation=\"\" data-stagger=\"\" data-custom-font-size=\"false\" ><div class=\"heading-line\" > <div><h3 style=\"text-align: justify;\">Fuente: <a href=\"https:\/\/www.federcitrus.org\/espana-los-citricos-y-el-efecto-domino-del-coronavirus\/\" target=\"_blank\" rel=\"noopener noreferrer\">Federcitrus<\/a><\/h3> <\/div> <\/div><\/div>\n\t\t\t<\/div> \n\t\t<\/div>\n\t<\/div> \n<\/div><\/div>","protected":false},"excerpt":{"rendered":"El COVID-19 est\u00e1 generando una gran incertidumbre en la segunda parte de la temporada de...","protected":false},"author":2,"featured_media":6462,"comment_status":"closed","ping_status":"open","sticky":false,"template":"","format":"standard","meta":{"footnotes":""},"categories":[1],"tags":[99,126,127,124],"class_list":{"0":"post-6622","1":"post","2":"type-post","3":"status-publish","4":"format-standard","5":"has-post-thumbnail","7":"category-citricos","8":"tag-citricos","9":"tag-coronavirus","10":"tag-espana","11":"tag-federcitrus"},"_links":{"self":[{"href":"https:\/\/www.topinfo.com.ar\/en\/wp-json\/wp\/v2\/posts\/6622"}],"collection":[{"href":"https:\/\/www.topinfo.com.ar\/en\/wp-json\/wp\/v2\/posts"}],"about":[{"href":"https:\/\/www.topinfo.com.ar\/en\/wp-json\/wp\/v2\/types\/post"}],"author":[{"embeddable":true,"href":"https:\/\/www.topinfo.com.ar\/en\/wp-json\/wp\/v2\/users\/2"}],"replies":[{"embeddable":true,"href":"https:\/\/www.topinfo.com.ar\/en\/wp-json\/wp\/v2\/comments?post=6622"}],"version-history":[{"count":0,"href":"https:\/\/www.topinfo.com.ar\/en\/wp-json\/wp\/v2\/posts\/6622\/revisions"}],"wp:featuredmedia":[{"embeddable":true,"href":"https:\/\/www.topinfo.com.ar\/en\/wp-json\/wp\/v2\/media\/6462"}],"wp:attachment":[{"href":"https:\/\/www.topinfo.com.ar\/en\/wp-json\/wp\/v2\/media?parent=6622"}],"wp:term":[{"taxonomy":"category","embeddable":true,"href":"https:\/\/www.topinfo.com.ar\/en\/wp-json\/wp\/v2\/categories?post=6622"},{"taxonomy":"post_tag","embeddable":true,"href":"https:\/\/www.topinfo.com.ar\/en\/wp-json\/wp\/v2\/tags?post=6622"}],"curies":[{"name":"wp","href":"https:\/\/api.w.org\/{rel}","templated":true}]}}