{"id":6631,"date":"2020-03-27T11:22:43","date_gmt":"2020-03-27T14:22:43","guid":{"rendered":"http:\/\/www.topinfo.com.ar\/?p=6631"},"modified":"2020-03-27T11:22:43","modified_gmt":"2020-03-27T14:22:43","slug":"emotivo-mensaje-de-citricultores-produciendo-a-pleno-vitamina-c-para-que-la-gente-viva-su-cuarentena-con-tranquilidad","status":"publish","type":"post","link":"https:\/\/www.topinfo.com.ar\/en\/2020\/03\/27\/emotivo-mensaje-de-citricultores-produciendo-a-pleno-vitamina-c-para-que-la-gente-viva-su-cuarentena-con-tranquilidad\/","title":{"rendered":"Emotivo mensaje de citricultores, produciendo a pleno \u201cvitamina C\u201d para que la gente \u201cviva su cuarentena con tranquilidad\u201d"},"content":{"rendered":"<div id=\"fws_69f1ebb8a7c2d\"  data-column-margin=\"default\" data-midnight=\"dark\"  class=\"wpb_row vc_row-fluid vc_row\"  style=\"padding-top: 40px; padding-bottom: 40px; \"><div class=\"row-bg-wrap\" data-bg-animation=\"none\" data-bg-animation-delay=\"\" data-bg-overlay=\"false\"><div class=\"inner-wrap row-bg-layer\" ><div class=\"row-bg viewport-desktop\"  style=\"\"><\/div><\/div><\/div><div class=\"row_col_wrap_12 col span_12 dark left\">\n\t<div  class=\"vc_col-sm-12 wpb_column column_container vc_column_container col no-extra-padding\"  data-padding-pos=\"all\" data-has-bg-color=\"false\" data-bg-color=\"\" data-bg-opacity=\"1\" data-animation=\"\" data-delay=\"0\" >\n\t\t<div class=\"vc_column-inner\" >\n\t\t\t<div class=\"wpb_wrapper\">\n\t\t\t\t<div class=\"nectar-split-heading\" data-align=\"default\" data-m-align=\"inherit\" data-text-effect=\"default\" data-animation-type=\"default\" data-animation-delay=\"0\" data-animation-offset=\"\" data-m-rm-animation=\"\" data-stagger=\"\" data-custom-font-size=\"false\" ><div class=\"heading-line\" > <div><p style=\"text-align: justify;\">El citrus no para. No s\u00f3lo porque el decreto autoriza al sector a seguir produciendo. Tambi\u00e9n porque los productores y empacadores est\u00e1n convencidos de que, en plena crisis del Coronavirus, al mundo le hace falta m\u00e1s que nunca la vitamina C que aportan las naranjas y mandarinas del NEA.<\/p> <\/div> <\/div><\/div><div class=\"nectar-split-heading\" data-align=\"default\" data-m-align=\"inherit\" data-text-effect=\"default\" data-animation-type=\"default\" data-animation-delay=\"0\" data-animation-offset=\"\" data-m-rm-animation=\"\" data-stagger=\"\" data-custom-font-size=\"false\" ><div class=\"heading-line\" > <div><p style=\"text-align: justify;\">As\u00ed lo resaltan videos generados por productores del Cl\u00faster Citr\u00edcola de Entre R\u00edos, que comprende los departamentos de Concordia y Federaci\u00f3n. El Cl\u00faster es una iniciativa de desarrollo territorial que comenz\u00f3 el a\u00f1o pasado e integra a diferentes actores de la cadena citr\u00edcola del noreste de la provincia, que trabajan conjuntamente para mejorar la competitividad del sector.<\/p> <\/div> <\/div><\/div><div class=\"nectar-split-heading\" data-align=\"default\" data-m-align=\"inherit\" data-text-effect=\"default\" data-animation-type=\"default\" data-animation-delay=\"0\" data-animation-offset=\"\" data-m-rm-animation=\"\" data-stagger=\"\" data-custom-font-size=\"false\" ><div class=\"heading-line\" > <div><p style=\"text-align: justify;\">\u201cEstamos en Entre R\u00edos, produciendo naranjas, fuente de vitamina C, para enviar a los mercados y que la gente pueda cumplir su cuarentena con tranquilidad y con alimento seguro\u201d, se escucha decir a uno de los productores, mientras las im\u00e1genes muestran la l\u00ednea de empaque de Fabrello Hermanos (Villa del Rosario), en pleno movimiento, con su personal trabajando.<\/p> <\/div> <\/div><\/div>\n\t\t\t<\/div> \n\t\t<\/div>\n\t<\/div> \n<\/div><\/div>\n\t\t<div id=\"fws_69f1ebb8a8145\"  data-column-margin=\"default\" data-midnight=\"dark\"  class=\"wpb_row vc_row-fluid vc_row\"  style=\"padding-top: 0px; padding-bottom: 0px; \"><div class=\"row-bg-wrap\" data-bg-animation=\"none\" data-bg-animation-delay=\"\" data-bg-overlay=\"false\"><div class=\"inner-wrap row-bg-layer\" ><div class=\"row-bg viewport-desktop\"  style=\"\"><\/div><\/div><\/div><div class=\"row_col_wrap_12 col span_12 dark left\">\n\t<div  class=\"vc_col-sm-12 wpb_column column_container vc_column_container col no-extra-padding\"  data-padding-pos=\"all\" data-has-bg-color=\"false\" data-bg-color=\"\" data-bg-opacity=\"1\" data-animation=\"\" data-delay=\"0\" >\n\t\t<div class=\"vc_column-inner\" >\n\t\t\t<div class=\"wpb_wrapper\">\n\t\t\t\t\n\t<div class=\"wpb_video_widget wpb_content_element vc_clearfix   vc_video-aspect-ratio-169 vc_video-el-width-100 vc_video-align-center\" >\n\t\t<div class=\"wpb_wrapper\">\n\t\t\t\n\t\t\t<div class=\"wpb_video_wrapper\"><iframe loading=\"lazy\" title=\"Empaque de citrus de Entre R\u00edos, produciendo a pleno &quot;vitamina C&quot; en medio de la cuarentena general\" width=\"1080\" height=\"608\" src=\"https:\/\/www.youtube.com\/embed\/1PI3L_-zupg?feature=oembed\" frameborder=\"0\" allow=\"accelerometer; autoplay; encrypted-media; gyroscope; picture-in-picture\" allowfullscreen><\/iframe><\/div>\n\t\t<\/div>\n\t<\/div>\n\n\t\t\t<\/div> \n\t\t<\/div>\n\t<\/div> \n<\/div><\/div>\n\t\t<div id=\"fws_69f1ebb8ab0c1\"  data-column-margin=\"default\" data-midnight=\"dark\"  class=\"wpb_row vc_row-fluid vc_row\"  style=\"padding-top: 40px; padding-bottom: 40px; \"><div class=\"row-bg-wrap\" data-bg-animation=\"none\" data-bg-animation-delay=\"\" data-bg-overlay=\"false\"><div class=\"inner-wrap row-bg-layer\" ><div class=\"row-bg viewport-desktop\"  style=\"\"><\/div><\/div><\/div><div class=\"row_col_wrap_12 col span_12 dark left\">\n\t<div  class=\"vc_col-sm-12 wpb_column column_container vc_column_container col no-extra-padding\"  data-padding-pos=\"all\" data-has-bg-color=\"false\" data-bg-color=\"\" data-bg-opacity=\"1\" data-animation=\"\" data-delay=\"0\" >\n\t\t<div class=\"vc_column-inner\" >\n\t\t\t<div class=\"wpb_wrapper\">\n\t\t\t\t<div class=\"nectar-split-heading\" data-align=\"default\" data-m-align=\"inherit\" data-text-effect=\"default\" data-animation-type=\"default\" data-animation-delay=\"0\" data-animation-offset=\"\" data-m-rm-animation=\"\" data-stagger=\"\" data-custom-font-size=\"false\" ><div class=\"heading-line\" > <div><p style=\"text-align: justify;\">En otro video, originado en el empaque de Toller Hermanos (Federaci\u00f3n), quien capt\u00f3 las im\u00e1genes comenz\u00f3 por mencionar la fecha, lo que certifica la absoluta actualidad: \u201cBuenos d\u00edas. Hoy es 23 de Marzo. Estamos en un empaque de c\u00edtricos que sigue trabajando para poder garantizar el normal abastecimiento de los mercados. As\u00ed que vos que pod\u00e9s quedarte en tu casa, qu\u00e9date. Nosotros, desde ac\u00e1, seguimos trabajando\u201d, expresa.<\/p> <\/div> <\/div><\/div>\n\t\t\t<\/div> \n\t\t<\/div>\n\t<\/div> \n<\/div><\/div>\n\t\t<div id=\"fws_69f1ebb8ab3fd\"  data-column-margin=\"default\" data-midnight=\"dark\"  class=\"wpb_row vc_row-fluid vc_row\"  style=\"padding-top: 0px; padding-bottom: 0px; \"><div class=\"row-bg-wrap\" data-bg-animation=\"none\" data-bg-animation-delay=\"\" data-bg-overlay=\"false\"><div class=\"inner-wrap row-bg-layer\" ><div class=\"row-bg viewport-desktop\"  style=\"\"><\/div><\/div><\/div><div class=\"row_col_wrap_12 col span_12 dark left\">\n\t<div  class=\"vc_col-sm-12 wpb_column column_container vc_column_container col no-extra-padding\"  data-padding-pos=\"all\" data-has-bg-color=\"false\" data-bg-color=\"\" data-bg-opacity=\"1\" data-animation=\"\" data-delay=\"0\" >\n\t\t<div class=\"vc_column-inner\" >\n\t\t\t<div class=\"wpb_wrapper\">\n\t\t\t\t\n\t<div class=\"wpb_video_widget wpb_content_element vc_clearfix   vc_video-aspect-ratio-169 vc_video-el-width-100 vc_video-align-center\" >\n\t\t<div class=\"wpb_wrapper\">\n\t\t\t\n\t\t\t<div class=\"wpb_video_wrapper\"><iframe loading=\"lazy\" title=\"Empaque de citrus de Entre R\u00edos, trabajando a pleno en medio de la cuarentena general\" width=\"1080\" height=\"608\" src=\"https:\/\/www.youtube.com\/embed\/qyTmYbnIOHY?feature=oembed\" frameborder=\"0\" allow=\"accelerometer; autoplay; encrypted-media; gyroscope; picture-in-picture\" allowfullscreen><\/iframe><\/div>\n\t\t<\/div>\n\t<\/div>\n\n\t\t\t<\/div> \n\t\t<\/div>\n\t<\/div> \n<\/div><\/div>\n\t\t<div id=\"fws_69f1ebb8ae022\"  data-column-margin=\"default\" data-midnight=\"dark\"  class=\"wpb_row vc_row-fluid vc_row\"  style=\"padding-top: 40px; padding-bottom: 40px; \"><div class=\"row-bg-wrap\" data-bg-animation=\"none\" data-bg-animation-delay=\"\" data-bg-overlay=\"false\"><div class=\"inner-wrap row-bg-layer\" ><div class=\"row-bg viewport-desktop\"  style=\"\"><\/div><\/div><\/div><div class=\"row_col_wrap_12 col span_12 dark left\">\n\t<div  class=\"vc_col-sm-12 wpb_column column_container vc_column_container col no-extra-padding\"  data-padding-pos=\"all\" data-has-bg-color=\"false\" data-bg-color=\"\" data-bg-opacity=\"1\" data-animation=\"\" data-delay=\"0\" >\n\t\t<div class=\"vc_column-inner\" >\n\t\t\t<div class=\"wpb_wrapper\">\n\t\t\t\t<div class=\"nectar-split-heading\" data-align=\"default\" data-m-align=\"inherit\" data-text-effect=\"default\" data-animation-type=\"default\" data-animation-delay=\"0\" data-animation-offset=\"\" data-m-rm-animation=\"\" data-stagger=\"\" data-custom-font-size=\"false\" ><div class=\"heading-line\" > <div><p style=\"text-align: justify;\">La citricultura no es el \u00fanico sector que ha optado por emitir mensajes resaltando su aporte a la sociedad, en medio de la cuarentana general. Este domingo, circul\u00f3 en grupos de WhatsApp un video de un establecimiento porcino, justo en la etapa de los \u201cdestetes\u201d.<\/p> <\/div> <\/div><\/div>\n\t\t\t<\/div> \n\t\t<\/div>\n\t<\/div> \n<\/div><\/div>\n\t\t<div id=\"fws_69f1ebb8ae33e\"  data-column-margin=\"default\" data-midnight=\"dark\"  class=\"wpb_row vc_row-fluid vc_row\"  style=\"padding-top: 40px; padding-bottom: 40px; \"><div class=\"row-bg-wrap\" data-bg-animation=\"none\" data-bg-animation-delay=\"\" data-bg-overlay=\"false\"><div class=\"inner-wrap row-bg-layer\" ><div class=\"row-bg viewport-desktop\"  style=\"\"><\/div><\/div><\/div><div class=\"row_col_wrap_12 col span_12 dark left\">\n\t<div  class=\"vc_col-sm-12 wpb_column column_container vc_column_container col no-extra-padding\"  data-padding-pos=\"all\" data-has-bg-color=\"false\" data-bg-color=\"\" data-bg-opacity=\"1\" data-animation=\"\" data-delay=\"0\" >\n\t\t<div class=\"vc_column-inner\" >\n\t\t\t<div class=\"wpb_wrapper\">\n\t\t\t\t<div class=\"nectar-split-heading\" data-align=\"default\" data-m-align=\"inherit\" data-text-effect=\"default\" data-animation-type=\"default\" data-animation-delay=\"0\" data-animation-offset=\"\" data-m-rm-animation=\"\" data-stagger=\"\" data-custom-font-size=\"false\" ><div class=\"heading-line\" > <div><h3>Fuente:<a href=\"https:\/\/www.federcitrus.org\/emotivo-mensaje-de-citricultores-produciendo-a-pleno-vitamina-c-para-que-la-gente-viva-su-cuarentena-con-tranquilidad\/\" target=\"_blank\" rel=\"noopener noreferrer\"> Federcitrus<\/a><\/h3> <\/div> <\/div><\/div>\n\t\t\t<\/div> \n\t\t<\/div>\n\t<\/div> \n<\/div><\/div>\n\t\t<div id=\"fws_69f1ebb8ae642\"  data-column-margin=\"default\" data-midnight=\"dark\"  class=\"wpb_row vc_row-fluid vc_row\"  style=\"padding-top: 0px; padding-bottom: 0px; \"><div class=\"row-bg-wrap\" data-bg-animation=\"none\" data-bg-animation-delay=\"\" data-bg-overlay=\"false\"><div class=\"inner-wrap row-bg-layer\" ><div class=\"row-bg viewport-desktop\"  style=\"\"><\/div><\/div><\/div><div class=\"row_col_wrap_12 col span_12 dark left\">\n\t<div  class=\"vc_col-sm-12 wpb_column column_container vc_column_container col no-extra-padding\"  data-padding-pos=\"all\" data-has-bg-color=\"false\" data-bg-color=\"\" data-bg-opacity=\"1\" data-animation=\"\" data-delay=\"0\" >\n\t\t<div class=\"vc_column-inner\" >\n\t\t\t<div class=\"wpb_wrapper\">\n\t\t\t\t\n\t<div class=\"wpb_gallery wpb_content_element clearfix\">\n\t\t<div class=\"wpb_wrapper\"><div class=\"wpb_gallery_slides wpb_flexslider flex-gallery flexslider\" data-onclick=\"link_no\" data-interval=\"5\" data-flex_fx=\"fade\"><ul class=\"slides\" data-d-autorotate=\"\"><li><img decoding=\"async\" src=\"http:\/\/placekitten.com\/g\/400\/300\" \/><\/li><li><img decoding=\"async\" src=\"http:\/\/placekitten.com\/g\/401\/300\" \/><\/li><li><img decoding=\"async\" src=\"http:\/\/placekitten.com\/g\/402\/300\" \/><\/li><li><img decoding=\"async\" src=\"http:\/\/placekitten.com\/g\/403\/300\" \/><\/li><li><img decoding=\"async\" src=\"http:\/\/placekitten.com\/g\/404\/300\" \/><\/li><li><img decoding=\"async\" src=\"http:\/\/placekitten.com\/g\/405\/300\" \/><\/li><\/ul><\/div>\n\t\t<\/div> \n\t<\/div> \n\t\t\t<\/div> \n\t\t<\/div>\n\t<\/div> \n<\/div><\/div>\n\t\t<div id=\"fws_69f1ebb8aebd3\"  data-column-margin=\"default\" data-midnight=\"dark\"  class=\"wpb_row vc_row-fluid vc_row\"  style=\"padding-top: 0px; padding-bottom: 0px; \"><div class=\"row-bg-wrap\" data-bg-animation=\"none\" data-bg-animation-delay=\"\" data-bg-overlay=\"false\"><div class=\"inner-wrap row-bg-layer\" ><div class=\"row-bg viewport-desktop\"  style=\"\"><\/div><\/div><\/div><div class=\"row_col_wrap_12 col span_12 dark left\">\n\t<div  class=\"vc_col-sm-12 wpb_column column_container vc_column_container col no-extra-padding\"  data-padding-pos=\"all\" data-has-bg-color=\"false\" data-bg-color=\"\" data-bg-opacity=\"1\" data-animation=\"\" data-delay=\"0\" >\n\t\t<div class=\"vc_column-inner\" >\n\t\t\t<div class=\"wpb_wrapper\">\n\t\t\t\t<div class=\"img-with-aniamtion-wrap center\" data-max-width=\"100%\" data-max-width-mobile=\"100%\" data-shadow=\"none\" data-animation=\"fade-in\" >\n      <div class=\"inner\">\n        <div class=\"hover-wrap\"> \n          <div class=\"hover-wrap-inner\">\n            <img loading=\"lazy\" decoding=\"async\" class=\"img-with-animation skip-lazy\" data-delay=\"0\" height=\"533\" width=\"800\" data-animation=\"fade-in\" src=\"https:\/\/www.topinfo.com.ar\/wp-content\/uploads\/2020\/03\/l_1584979637-800x533-1.jpg\" alt=\"\"  \/>\n          <\/div>\n        <\/div>\n      <\/div>\n    <\/div>\n\t\t\t<\/div> \n\t\t<\/div>\n\t<\/div> \n<\/div><\/div>","protected":false},"excerpt":{"rendered":"El citrus no para. No s\u00f3lo porque el decreto autoriza al sector a seguir produciendo....","protected":false},"author":2,"featured_media":6301,"comment_status":"closed","ping_status":"open","sticky":false,"template":"","format":"standard","meta":{"footnotes":""},"categories":[1],"tags":[99,132,126,131,133],"class_list":{"0":"post-6631","1":"post","2":"type-post","3":"status-publish","4":"format-standard","5":"has-post-thumbnail","7":"category-citricos","8":"tag-citricos","9":"tag-citricultura","10":"tag-coronavirus","11":"tag-productor","12":"tag-vitamina-c"},"_links":{"self":[{"href":"https:\/\/www.topinfo.com.ar\/en\/wp-json\/wp\/v2\/posts\/6631"}],"collection":[{"href":"https:\/\/www.topinfo.com.ar\/en\/wp-json\/wp\/v2\/posts"}],"about":[{"href":"https:\/\/www.topinfo.com.ar\/en\/wp-json\/wp\/v2\/types\/post"}],"author":[{"embeddable":true,"href":"https:\/\/www.topinfo.com.ar\/en\/wp-json\/wp\/v2\/users\/2"}],"replies":[{"embeddable":true,"href":"https:\/\/www.topinfo.com.ar\/en\/wp-json\/wp\/v2\/comments?post=6631"}],"version-history":[{"count":0,"href":"https:\/\/www.topinfo.com.ar\/en\/wp-json\/wp\/v2\/posts\/6631\/revisions"}],"wp:featuredmedia":[{"embeddable":true,"href":"https:\/\/www.topinfo.com.ar\/en\/wp-json\/wp\/v2\/media\/6301"}],"wp:attachment":[{"href":"https:\/\/www.topinfo.com.ar\/en\/wp-json\/wp\/v2\/media?parent=6631"}],"wp:term":[{"taxonomy":"category","embeddable":true,"href":"https:\/\/www.topinfo.com.ar\/en\/wp-json\/wp\/v2\/categories?post=6631"},{"taxonomy":"post_tag","embeddable":true,"href":"https:\/\/www.topinfo.com.ar\/en\/wp-json\/wp\/v2\/tags?post=6631"}],"curies":[{"name":"wp","href":"https:\/\/api.w.org\/{rel}","templated":true}]}}