{"id":6692,"date":"2020-05-27T16:19:40","date_gmt":"2020-05-27T19:19:40","guid":{"rendered":"http:\/\/www.topinfo.com.ar\/?p=6692"},"modified":"2020-05-28T15:27:48","modified_gmt":"2020-05-28T18:27:48","slug":"algunas-propuestas-para-el-crecimiento-de-la-fruticultura-argentina","status":"publish","type":"post","link":"https:\/\/www.topinfo.com.ar\/en\/2020\/05\/27\/algunas-propuestas-para-el-crecimiento-de-la-fruticultura-argentina\/","title":{"rendered":"Algunas propuestas para el crecimiento de la fruticultura argentina"},"content":{"rendered":"<div id=\"fws_69f1efc192d5a\"  data-column-margin=\"default\" data-midnight=\"dark\"  class=\"wpb_row vc_row-fluid vc_row\"  style=\"padding-top: 40px; padding-bottom: 40px; \"><div class=\"row-bg-wrap\" data-bg-animation=\"none\" data-bg-animation-delay=\"\" data-bg-overlay=\"false\"><div class=\"inner-wrap row-bg-layer\" ><div class=\"row-bg viewport-desktop\"  style=\"\"><\/div><\/div><\/div><div class=\"row_col_wrap_12 col span_12 dark left\">\n\t<div  class=\"vc_col-sm-12 wpb_column column_container vc_column_container col no-extra-padding\"  data-padding-pos=\"all\" data-has-bg-color=\"false\" data-bg-color=\"\" data-bg-opacity=\"1\" data-animation=\"\" data-delay=\"0\" >\n\t\t<div class=\"vc_column-inner\" >\n\t\t\t<div class=\"wpb_wrapper\">\n\t\t\t\t<div class=\"nectar-split-heading\" data-align=\"default\" data-m-align=\"inherit\" data-text-effect=\"default\" data-animation-type=\"default\" data-animation-delay=\"0\" data-animation-offset=\"\" data-m-rm-animation=\"\" data-stagger=\"\" data-custom-font-size=\"false\" ><div class=\"heading-line\" > <div><h2><span style=\"color: #c41215;\">Situaci\u00f3n actual de la fruticultura argentina<\/span><\/h2> <\/div> <\/div><div class=\"heading-line\" > <div><ul> <\/div> <\/div><div class=\"heading-line\" > <div><li>Falta de rentabilidad.<\/li> <\/div> <\/div><div class=\"heading-line\" > <div><li>Alta presi\u00f3n impositiva.<\/li> <\/div> <\/div><div class=\"heading-line\" > <div><li>Impuestos distorsivos con sesgo anti exportador y anti empleo.<\/li> <\/div> <\/div><div class=\"heading-line\" > <div><li>Problema de acceso a los mercados por falta de Acuerdos de Libre Comercio y existencia de aranceles de importaci\u00f3n en destino que nos quitan competitividad frente a otros or\u00edgenes que no los tienen.<\/li> <\/div> <\/div><div class=\"heading-line\" > <div><li style=\"text-align: justify;\">Otros pa\u00edses muy competitivos con respecto a Argentina (Chile, Per\u00fa, Sud\u00e1frica, Colombia,<br \/> <\/div> <\/div><div class=\"heading-line\" > <div>M\u00e9xico, Australia, Nueva Zelanda).<\/li> <\/div> <\/div><div class=\"heading-line\" > <div><li style=\"text-align: justify;\">Pa\u00edses importadores con monedas muy devaluadas (Brasil, Rusia).<\/li> <\/div> <\/div><div class=\"heading-line\" > <div><\/ul> <\/div> <\/div><\/div><div class=\"nectar-split-heading\" data-align=\"default\" data-m-align=\"inherit\" data-text-effect=\"default\" data-animation-type=\"default\" data-animation-delay=\"0\" data-animation-offset=\"\" data-m-rm-animation=\"\" data-stagger=\"\" data-custom-font-size=\"false\" ><div class=\"heading-line\" > <div><ul> <\/div> <\/div><div class=\"heading-line\" > <div><li style=\"text-align: justify;\">Falta de acceso al cr\u00e9dito.<\/li> <\/div> <\/div><div class=\"heading-line\" > <div><li style=\"text-align: justify;\">Falta de mano de obra por competencia con la informalidad, planes sociales y capacitaci\u00f3n.<\/li> <\/div> <\/div><div class=\"heading-line\" > <div><li style=\"text-align: justify;\">Ca\u00edda producci\u00f3n y exportaci\u00f3n.<\/li> <\/div> <\/div><div class=\"heading-line\" > <div><li style=\"text-align: justify;\">Desaparici\u00f3n de productores, empacadores y exportadores \u2192 concentraci\u00f3n de toda la cadena. Disminuci\u00f3n de superficie cultivada. Desaparici\u00f3n de actividades. Ej: uva de mesa, pomelo, carozos.<\/li> <\/div> <\/div><div class=\"heading-line\" > <div><li style=\"text-align: justify;\">P\u00e9rdida de empleo.<\/li> <\/div> <\/div><div class=\"heading-line\" > <div><li style=\"text-align: justify;\">Baja productividad de campos y empaques. Descartes para industria de bajo valor<br \/> <\/div> <\/div><div class=\"heading-line\" > <div>econ\u00f3mico.<\/li> <\/div> <\/div><div class=\"heading-line\" > <div><li style=\"text-align: justify;\">Baja incorporaci\u00f3n de tecnolog\u00eda. Envejecimiento de plantaciones y atraso varietal.<\/li> <\/div> <\/div><div class=\"heading-line\" > <div><li style=\"text-align: justify;\">Baja calidad para exportaci\u00f3n. Mercado interno chico y de bajo poder adquisitivo.<\/li> <\/div> <\/div><div class=\"heading-line\" > <div><li style=\"text-align: justify;\">Falta de inversi\u00f3n en toda la cadena productiva<\/li> <\/div> <\/div><div class=\"heading-line\" > <div><\/ul> <\/div> <\/div><\/div>\n\t\t\t<\/div> \n\t\t<\/div>\n\t<\/div> \n<\/div><\/div>\n\t\t<div id=\"fws_69f1efc19325c\"  data-column-margin=\"default\" data-midnight=\"dark\"  class=\"wpb_row vc_row-fluid vc_row vc_row-o-full-height vc_row-o-columns-middle vc_row-o-equal-height vc_row-flex\"  style=\"padding-top: 40px; padding-bottom: 40px; \"><div class=\"row-bg-wrap\" data-bg-animation=\"none\" data-bg-animation-delay=\"\" data-bg-overlay=\"false\"><div class=\"inner-wrap row-bg-layer\" ><div class=\"row-bg viewport-desktop\"  style=\"\"><\/div><\/div><\/div><div class=\"row_col_wrap_12 col span_12 dark left\">\n\t<div  class=\"vc_col-sm-12 wpb_column column_container vc_column_container col no-extra-padding\"  data-padding-pos=\"all\" data-has-bg-color=\"false\" data-bg-color=\"\" data-bg-opacity=\"1\" data-animation=\"\" data-delay=\"0\" >\n\t\t<div class=\"vc_column-inner\" >\n\t\t\t<div class=\"wpb_wrapper\">\n\t\t\t\t<div class=\"nectar-split-heading\" data-align=\"default\" data-m-align=\"inherit\" data-text-effect=\"default\" data-animation-type=\"default\" data-animation-delay=\"0\" data-animation-offset=\"\" data-m-rm-animation=\"\" data-stagger=\"\" data-custom-font-size=\"false\" ><div class=\"heading-line\" > <div><h2><span style=\"color: #c41512;\">Pol\u00edticas p\u00fablicas necesarias<\/span><\/h2> <\/div> <\/div><div class=\"heading-line\" > <div><ul> <\/div> <\/div><div class=\"heading-line\" > <div><li>Recuperar la competitividad en forma inmediata.<\/li> <\/div> <\/div><div class=\"heading-line\" > <div><li>Fomentar la inversi\u00f3n y la producci\u00f3n por reconversi\u00f3n varietal e investigaci\u00f3n aplicada a productos saludables.<\/li> <\/div> <\/div><div class=\"heading-line\" > <div><li>Aumentar las exportaciones.<\/li> <\/div> <\/div><div class=\"heading-line\" > <div><li>Incentivar el empleo formal.<\/li> <\/div> <\/div><div class=\"heading-line\" > <div><li>Mejorar el acceso al cr\u00e9dito<\/li> <\/div> <\/div><div class=\"heading-line\" > <div><\/ul> <\/div> <\/div><\/div><div class=\"nectar-split-heading\" data-align=\"default\" data-m-align=\"inherit\" data-text-effect=\"default\" data-animation-type=\"default\" data-animation-delay=\"0\" data-animation-offset=\"\" data-m-rm-animation=\"\" data-stagger=\"\" data-custom-font-size=\"false\" ><div class=\"heading-line\" > <div><p style=\"text-align: justify;\"><span style=\"color: #c41215;\"><strong>La recaudaci\u00f3n impositiva solo podr\u00e1 crecer y la pobreza solo se reducir\u00e1 como consecuencia de aumentos producci\u00f3n, inversi\u00f3n, exportaciones y empleo. <\/strong><\/span><\/p> <\/div> <\/div><\/div><div class=\"nectar-split-heading\" data-align=\"default\" data-m-align=\"inherit\" data-text-effect=\"default\" data-animation-type=\"default\" data-animation-delay=\"0\" data-animation-offset=\"\" data-m-rm-animation=\"\" data-stagger=\"\" data-custom-font-size=\"false\" ><div class=\"heading-line\" > <div><p style=\"text-align: justify;\"><span style=\"color: #c41215;\"><strong>La aplicaci\u00f3n de pol\u00edticas que tengan en cuenta estas propuestas mejorar\u00e1 la rentabilidad de la fruticultura, favoreciendo la producci\u00f3n, la inversi\u00f3n, las exportaciones y el empleo formal, reduciendo la pobreza para lograr desarrollos locales y arraigo de la poblaci\u00f3n, evitando la instalaci\u00f3n de un cuarto Cord\u00f3n del Conurbano. <\/strong><\/span><\/p> <\/div> <\/div><\/div>\n\t\t\t<\/div> \n\t\t<\/div>\n\t<\/div> \n<\/div><\/div>\n\t\t<div id=\"fws_69f1efc19361c\"  data-column-margin=\"default\" data-midnight=\"dark\"  class=\"wpb_row vc_row-fluid vc_row\"  style=\"padding-top: 40px; padding-bottom: 40px; \"><div class=\"row-bg-wrap\" data-bg-animation=\"none\" data-bg-animation-delay=\"\" data-bg-overlay=\"false\"><div class=\"inner-wrap row-bg-layer\" ><div class=\"row-bg viewport-desktop\"  style=\"\"><\/div><\/div><\/div><div class=\"row_col_wrap_12 col span_12 dark left\">\n\t<div  class=\"vc_col-sm-12 wpb_column column_container vc_column_container col no-extra-padding\"  data-padding-pos=\"all\" data-has-bg-color=\"false\" data-bg-color=\"\" data-bg-opacity=\"1\" data-animation=\"\" data-delay=\"0\" >\n\t\t<div class=\"vc_column-inner\" >\n\t\t\t<div class=\"wpb_wrapper\">\n\t\t\t\t<div class=\"nectar-split-heading\" data-align=\"default\" data-m-align=\"inherit\" data-text-effect=\"default\" data-animation-type=\"default\" data-animation-delay=\"0\" data-animation-offset=\"\" data-m-rm-animation=\"\" data-stagger=\"\" data-custom-font-size=\"false\" ><div class=\"heading-line\" > <div><h2><span style=\"color: #c41215;\">Pol\u00edticas para recuperar la competitividad en forma inmediata<\/span><\/h2> <\/div> <\/div><div class=\"heading-line\" > <div><ul> <\/div> <\/div><div class=\"heading-line\" > <div><li style=\"text-align: justify;\">Eliminaci\u00f3n de retenciones a la exportaci\u00f3n, \u00fanico pa\u00eds del mundo que las aplica en fruticultura.<\/li> <\/div> <\/div><div class=\"heading-line\" > <div><li style=\"text-align: justify;\">Volver al nivel de reembolsos por exportaciones anterior a Agosto 2018.<\/li> <\/div> <\/div><div class=\"heading-line\" > <div><li style=\"text-align: justify;\">Unificar el nivel de reembolsos para todas las frutas y envases en un 5%.<\/li> <\/div> <\/div><div class=\"heading-line\" > <div><li style=\"text-align: justify;\">Cuenta \u00fanica tributaria para usar los saldos inmovilizados por recuperos de IVA para el pago de otros tributos (cargas sociales, ganancias, etc.).<\/li> <\/div> <\/div><div class=\"heading-line\" > <div><li style=\"text-align: justify;\">Reconversi\u00f3n de planes sociales que atentan contra el trabajo formal y disponibilidad de mano de obra.<\/li> <\/div> <\/div><div class=\"heading-line\" > <div><\/ul> <\/div> <\/div><\/div>\n\t\t\t<\/div> \n\t\t<\/div>\n\t<\/div> \n<\/div><\/div>\n\t\t<div id=\"fws_69f1efc19393b\"  data-column-margin=\"default\" data-midnight=\"dark\"  class=\"wpb_row vc_row-fluid vc_row\"  style=\"padding-top: 40px; padding-bottom: 40px; \"><div class=\"row-bg-wrap\" data-bg-animation=\"none\" data-bg-animation-delay=\"\" data-bg-overlay=\"false\"><div class=\"inner-wrap row-bg-layer\" ><div class=\"row-bg viewport-desktop\"  style=\"\"><\/div><\/div><\/div><div class=\"row_col_wrap_12 col span_12 dark left\">\n\t<div  class=\"vc_col-sm-12 wpb_column column_container vc_column_container col no-extra-padding\"  data-padding-pos=\"all\" data-has-bg-color=\"false\" data-bg-color=\"\" data-bg-opacity=\"1\" data-animation=\"\" data-delay=\"0\" >\n\t\t<div class=\"vc_column-inner\" >\n\t\t\t<div class=\"wpb_wrapper\">\n\t\t\t\t<div class=\"nectar-split-heading\" data-align=\"default\" data-m-align=\"inherit\" data-text-effect=\"default\" data-animation-type=\"default\" data-animation-delay=\"0\" data-animation-offset=\"\" data-m-rm-animation=\"\" data-stagger=\"\" data-custom-font-size=\"false\" ><div class=\"heading-line\" > <div><h2 style=\"text-align: justify;\"><span style=\"color: #c41215;\">Pol\u00edticas para fomentar la inversi\u00f3n y producci\u00f3n<\/span><\/h2> <\/div> <\/div><div class=\"heading-line\" > <div><ul> <\/div> <\/div><div class=\"heading-line\" > <div><li style=\"text-align: justify;\">Las econom\u00edas regionales requieren un esquema tributario basado en impuestos a la renta, dejando de lado herramientas distorsivas tales como ingresos brutos, impuesto a los d\u00e9bitos y cr\u00e9ditos bancarios, impuestos de sellos, impuestos a la masa salarial, tasas de estad\u00edsticas en los insumos importados, etc.<\/li> <\/div> <\/div><div class=\"heading-line\" > <div><li style=\"text-align: justify;\">Prohibir que se cobren impuestos por adelantado, bajo prerrogativa de pagos a cuenta.<\/li> <\/div> <\/div><div class=\"heading-line\" > <div><li style=\"text-align: justify;\">Eliminaci\u00f3n de toda carga impositiva a la importaci\u00f3n de materiales usados para la tecnificaci\u00f3n del agro (equipos de riego, coberturas contra lluvia y granizo, gen\u00e9tica, maquinaria de empaque, etc.). Hoy se aplica una Tasa de Estad\u00edstica a todas las importaciones de hasta un 2.5% y un IVA recargado de 21+10,5%.<\/li> <\/div> <\/div><div class=\"heading-line\" > <div><li style=\"text-align: justify;\">Reducci\u00f3n de intereses en los planes de pago de deudas con AFIP. La tasa de referencia nunca puede superar la tasa BADLAR.<\/li> <\/div> <\/div><div class=\"heading-line\" > <div><\/ul> <\/div> <\/div><\/div><div class=\"nectar-split-heading\" data-align=\"default\" data-m-align=\"inherit\" data-text-effect=\"default\" data-animation-type=\"default\" data-animation-delay=\"0\" data-animation-offset=\"\" data-m-rm-animation=\"\" data-stagger=\"\" data-custom-font-size=\"false\" ><div class=\"heading-line\" > <div><ul> <\/div> <\/div><div class=\"heading-line\" > <div><li style=\"text-align: justify;\">Exenci\u00f3n de Ingresos Brutos provinciales para todas las econom\u00edas regionales, eliminando el SICORE.<\/li> <\/div> <\/div><div class=\"heading-line\" > <div><li style=\"text-align: justify;\">Beneficios adicionales para la inversi\u00f3n (amortizaci\u00f3n acelerada en inversiones y devoluci\u00f3n autom\u00e1tica de IVA).<\/li> <\/div> <\/div><div class=\"heading-line\" > <div><li style=\"text-align: justify;\">Construcci\u00f3n de obras de infraestructura relacionadas con la producci\u00f3n, en especial v\u00edas de comunicaci\u00f3n, energ\u00eda y acceso al agua de riego.<\/li> <\/div> <\/div><div class=\"heading-line\" > <div><li style=\"text-align: justify;\">\u00a0Implementar pol\u00edticas p\u00fablicas del uso de agua para riego y antiheladas premiando el uso eficiente del recurso h\u00eddrico.<\/li> <\/div> <\/div><div class=\"heading-line\" > <div><li style=\"text-align: justify;\">Costo energ\u00e9tico: reducir los costos de energ\u00eda el\u00e9ctrica estableciendo en 10,5% la al\u00edcuota del IVA a aplicar sobre el costo final de cada servicio, en vez del 27% actual (gran costo financiero para las empresas exportadoras demandantes de energ\u00eda que no pueden descargar la posici\u00f3n contra el IVA Ventas).<\/li> <\/div> <\/div><div class=\"heading-line\" > <div><\/ul> <\/div> <\/div><\/div><div class=\"nectar-split-heading\" data-align=\"default\" data-m-align=\"inherit\" data-text-effect=\"default\" data-animation-type=\"default\" data-animation-delay=\"0\" data-animation-offset=\"\" data-m-rm-animation=\"\" data-stagger=\"\" data-custom-font-size=\"false\" ><div class=\"heading-line\" > <div><ul> <\/div> <\/div><div class=\"heading-line\" > <div><li style=\"text-align: justify;\">Log\u00edstica:<br \/> <\/div> <\/div><div class=\"heading-line\" > <div>\u2022 Costo Habilitaciones Aduana.<br \/> <\/div> <\/div><div class=\"heading-line\" > <div>\u2022 Trabajar sobre reducir d\u00edas y horarios inh\u00e1biles.<br \/> <\/div> <\/div><div class=\"heading-line\" > <div>\u2022 Mejorar Infraestructura aeropuertos y puertos.<br \/> <\/div> <\/div><div class=\"heading-line\" > <div>\u2022 Fr\u00edo: aeropuertos Ezeiza \u2013 Tucum\u00e1n \u2013 Neuqu\u00e9n.<br \/> <\/div> <\/div><div class=\"heading-line\" > <div>\u2022 Adecuaci\u00f3n de la red ferroviaria.<\/li> <\/div> <\/div><div class=\"heading-line\" > <div><\/ul> <\/div> <\/div><\/div>\n\t\t\t<\/div> \n\t\t<\/div>\n\t<\/div> \n<\/div><\/div>\n\t\t<div id=\"fws_69f1efc193cf8\"  data-column-margin=\"default\" data-midnight=\"dark\"  class=\"wpb_row vc_row-fluid vc_row\"  style=\"padding-top: 40px; padding-bottom: 40px; \"><div class=\"row-bg-wrap\" data-bg-animation=\"none\" data-bg-animation-delay=\"\" data-bg-overlay=\"false\"><div class=\"inner-wrap row-bg-layer\" ><div class=\"row-bg viewport-desktop\"  style=\"\"><\/div><\/div><\/div><div class=\"row_col_wrap_12 col span_12 dark left\">\n\t<div  class=\"vc_col-sm-12 wpb_column column_container vc_column_container col no-extra-padding\"  data-padding-pos=\"all\" data-has-bg-color=\"false\" data-bg-color=\"\" data-bg-opacity=\"1\" data-animation=\"\" data-delay=\"0\" >\n\t\t<div class=\"vc_column-inner\" >\n\t\t\t<div class=\"wpb_wrapper\">\n\t\t\t\t<div class=\"nectar-split-heading\" data-align=\"default\" data-m-align=\"inherit\" data-text-effect=\"default\" data-animation-type=\"default\" data-animation-delay=\"0\" data-animation-offset=\"\" data-m-rm-animation=\"\" data-stagger=\"\" data-custom-font-size=\"false\" ><div class=\"heading-line\" > <div><h2 style=\"text-align: justify;\"><span style=\"color: #c41215;\">Pol\u00edticas para incentivar las exportaciones<\/span><\/h2> <\/div> <\/div><div class=\"heading-line\" > <div><ul> <\/div> <\/div><div class=\"heading-line\" > <div><li style=\"text-align: justify;\">Tipo de cambio competitivo y \u00fanico, evitando la apreciaci\u00f3n y la existencia de tipos de cambio m\u00faltiples.<\/li> <\/div> <\/div><div class=\"heading-line\" > <div><li style=\"text-align: justify;\">Trabajar en la ampliaci\u00f3n y mejora en el acceso a los mercados, reforzando el camino de apertura, negociando nuevos tratados de comercio y priorizando las negociaciones estrat\u00e9gicas.<\/li> <\/div> <\/div><div class=\"heading-line\" > <div><li style=\"text-align: justify;\">Poner en funcionamiento el Acuerdo Uni\u00f3n Europea &#8211; Mercosur.<\/li> <\/div> <\/div><div class=\"heading-line\" > <div><\/ul> <\/div> <\/div><\/div><div class=\"nectar-split-heading\" data-align=\"default\" data-m-align=\"inherit\" data-text-effect=\"default\" data-animation-type=\"default\" data-animation-delay=\"0\" data-animation-offset=\"\" data-m-rm-animation=\"\" data-stagger=\"\" data-custom-font-size=\"false\" ><div class=\"heading-line\" > <div><ul> <\/div> <\/div><div class=\"heading-line\" > <div><li style=\"text-align: justify;\">Nuevos Acuerdos de Libre Comercio con EFTA, China, ASEAN, Singapur, Corea del Sur, India, USA, Canad\u00e1, M\u00e9xico, Centro Am\u00e9rica, Comunidad Andina, Rusia, Ucrania, Medio Oriente, etc.<\/li> <\/div> <\/div><div class=\"heading-line\" > <div><li style=\"text-align: justify;\">Apuntar a la baja de aranceles y eliminaci\u00f3n de barreras arancelarias.<\/li> <\/div> <\/div><div class=\"heading-line\" > <div><li style=\"text-align: justify;\">La apertura fitosanitaria debe ir acompa\u00f1ada por una reducci\u00f3n de aranceles de importaci\u00f3n para que el mercado sea desarrollado eficientemente.<\/li> <\/div> <\/div><div class=\"heading-line\" > <div><li style=\"text-align: justify;\">Promover Alimentos Argentinos en las ferias m\u00e1s importantes a nivel mundial, evitando la superposici\u00f3n de la Agencia de Inversiones y Comercio Exterior con el CFI\/Consejo Federal de Inversiones, \u00fanico caso en que las delegaciones argentinas asisten bajo dos organismos estatales con el consiguiente extra costo.<\/li> <\/div> <\/div><div class=\"heading-line\" > <div><\/ul> <\/div> <\/div><\/div><div class=\"nectar-split-heading\" data-align=\"default\" data-m-align=\"inherit\" data-text-effect=\"default\" data-animation-type=\"default\" data-animation-delay=\"0\" data-animation-offset=\"\" data-m-rm-animation=\"\" data-stagger=\"\" data-custom-font-size=\"false\" ><div class=\"heading-line\" > <div><ul> <\/div> <\/div><div class=\"heading-line\" > <div><li style=\"text-align: justify;\">Promoci\u00f3n de fuentes alternativas de generaci\u00f3n de energ\u00eda amigables con el medio ambiente.<\/li> <\/div> <\/div><div class=\"heading-line\" > <div><li style=\"text-align: justify;\">Reducci\u00f3n de impuestos a los combustibles para el transporte terrestre y el consumo en el campo (riego, control, heladas, movilidad).<\/li> <\/div> <\/div><div class=\"heading-line\" > <div><li style=\"text-align: justify;\">Adecuaci\u00f3n de las tarifas el\u00e9ctricas de tal modo de guardar equidad entre las \u00e9pocas de alto y bajo consumo, pagando por consumo real y no por potencia.<\/li> <\/div> <\/div><div class=\"heading-line\" > <div><li style=\"text-align: justify;\">Eliminaci\u00f3n de tasas provinciales y municipales en las facturas de energ\u00eda el\u00e9ctrica y gas.<\/li> <\/div> <\/div><div class=\"heading-line\" > <div><\/ul> <\/div> <\/div><\/div>\n\t\t\t<\/div> \n\t\t<\/div>\n\t<\/div> \n<\/div><\/div>\n\t\t<div id=\"fws_69f1efc1940a8\"  data-column-margin=\"default\" data-midnight=\"dark\"  class=\"wpb_row vc_row-fluid vc_row\"  style=\"padding-top: 40px; padding-bottom: 40px; \"><div class=\"row-bg-wrap\" data-bg-animation=\"none\" data-bg-animation-delay=\"\" data-bg-overlay=\"false\"><div class=\"inner-wrap row-bg-layer\" ><div class=\"row-bg viewport-desktop\"  style=\"\"><\/div><\/div><\/div><div class=\"row_col_wrap_12 col span_12 dark left\">\n\t<div  class=\"vc_col-sm-12 wpb_column column_container vc_column_container col no-extra-padding\"  data-padding-pos=\"all\" data-has-bg-color=\"false\" data-bg-color=\"\" data-bg-opacity=\"1\" data-animation=\"\" data-delay=\"0\" >\n\t\t<div class=\"vc_column-inner\" >\n\t\t\t<div class=\"wpb_wrapper\">\n\t\t\t\t<div class=\"nectar-split-heading\" data-align=\"default\" data-m-align=\"inherit\" data-text-effect=\"default\" data-animation-type=\"default\" data-animation-delay=\"0\" data-animation-offset=\"\" data-m-rm-animation=\"\" data-stagger=\"\" data-custom-font-size=\"false\" ><div class=\"heading-line\" > <div><h2 style=\"text-align: justify;\"><span style=\"color: #c41215;\">Pol\u00edticas para impulsar el empleo <\/span><\/h2> <\/div> <\/div><div class=\"heading-line\" > <div><ul> <\/div> <\/div><div class=\"heading-line\" > <div><li style=\"text-align: justify;\">Actualizaci\u00f3n autom\u00e1tica del m\u00ednimo no imponible de acuerdo a la variaci\u00f3n salarial.<\/li> <\/div> <\/div><div class=\"heading-line\" > <div><li style=\"text-align: justify;\">M\u00ednimo no imponible: el beneficio previsto en el Decreto 128\/2019 no alcanz\u00f3 a todas las actividades productivas ni a los contratistas de trabajo temporario.<\/li> <\/div> <\/div><div class=\"heading-line\" > <div><li style=\"text-align: justify;\">Durante las zafras suspender los beneficios sociales del Estado, sin eliminarlos, con posterior recuperaci\u00f3n autom\u00e1tica. Hoy es una fuerte amenaza para conseguir mano de obra temporaria formal.<\/li> <\/div> <\/div><div class=\"heading-line\" > <div><li style=\"text-align: justify;\">Pago de cargas sociales: tarifa sustitutiva en funci\u00f3n de las hect\u00e1reas del establecimiento (modelo uruguayo) o de la producci\u00f3n (modelo c\u00edtricos de Tucum\u00e1n) para blanquear empleo.<\/li> <\/div> <\/div><div class=\"heading-line\" > <div><\/ul> <\/div> <\/div><\/div><div class=\"nectar-split-heading\" data-align=\"default\" data-m-align=\"inherit\" data-text-effect=\"default\" data-animation-type=\"default\" data-animation-delay=\"0\" data-animation-offset=\"\" data-m-rm-animation=\"\" data-stagger=\"\" data-custom-font-size=\"false\" ><div class=\"heading-line\" > <div><ul> <\/div> <\/div><div class=\"heading-line\" > <div><li style=\"text-align: justify;\">Limite de antig\u00fcedad para indemnizaciones de 6 a\u00f1os para todos los empleados nuevos a partir del 01\/06\/2020 (legislaci\u00f3n Uruguay).<\/li> <\/div> <\/div><div class=\"heading-line\" > <div><li style=\"text-align: justify;\">Fomento del Primer Empleo contemplando exenciones de contribuciones patronales y descuentos para seguridad social para empresas que contraten a trabajadores entre 18 y 24 a\u00f1os. Propuesta: 100% exenci\u00f3n durante los primeros 12 meses, 80% en el segundo a\u00f1o, 60% durante el tercero, 40% durante el cuarto y 20% en el quinto.<\/li> <\/div> <\/div><div class=\"heading-line\" > <div><li style=\"text-align: justify;\">Fomentar pol\u00edticas p\u00fablicas de capacitaci\u00f3n de mano de obra.<\/li> <\/div> <\/div><div class=\"heading-line\" > <div><li style=\"text-align: justify;\">Simplificaci\u00f3n del proceso de registraci\u00f3n de trabajadores temporarios rurales y reformular la metodolog\u00eda de liquidaci\u00f3n de jornales.<\/li> <\/div> <\/div><div class=\"heading-line\" > <div><li style=\"text-align: justify;\">Finalizaci\u00f3n del contrato laboral de los trabajadores temporarios, en el que una vez concluida la tarea se termina la relaci\u00f3n laboral entre el empleador y empleado (Sistema similar al de la construcci\u00f3n).<\/li> <\/div> <\/div><div class=\"heading-line\" > <div><\/ul> <\/div> <\/div><\/div><div class=\"nectar-split-heading\" data-align=\"default\" data-m-align=\"inherit\" data-text-effect=\"default\" data-animation-type=\"default\" data-animation-delay=\"0\" data-animation-offset=\"\" data-m-rm-animation=\"\" data-stagger=\"\" data-custom-font-size=\"false\" ><div class=\"heading-line\" > <div><ul> <\/div> <\/div><div class=\"heading-line\" > <div><li style=\"text-align: justify;\">Plan Empalme: el llamado \u201cempalme\u201d con el Programa Social no se produce inmediatamente despu\u00e9s de finalizada la relaci\u00f3n laboral (baja ante AFIP). Una parte de los beneficiarios de los planes temen quedarse sin \u201cempalme\u201d. Automatizar el cruce de datos entre ANSES y AFIP, para que el \u201cempalme\u201d se<br \/> <\/div> <\/div><div class=\"heading-line\" > <div>produzca de inmediato.<\/li> <\/div> <\/div><div class=\"heading-line\" > <div><li style=\"text-align: justify;\">REPRO: herramienta importante para sostener el empleo en tiempos de crisis. Es necesario mantener actualizado el monto mensual desembolsado por ANSES, en funci\u00f3n de los diversos ajustes salariales.<\/li> <\/div> <\/div><div class=\"heading-line\" > <div><li style=\"text-align: justify;\">Alta litigiosidad laboral: la posibilidad de realizar reclamos por doble v\u00eda (ART y Justicia) perjudica seriamente a las empresas y atenta contra el empleo y la inversi\u00f3n.<\/li> <\/div> <\/div><div class=\"heading-line\" > <div><\/ul> <\/div> <\/div><\/div>\n\t\t\t<\/div> \n\t\t<\/div>\n\t<\/div> \n<\/div><\/div>\n\t\t<div id=\"fws_69f1efc194475\"  data-column-margin=\"default\" data-midnight=\"dark\"  class=\"wpb_row vc_row-fluid vc_row\"  style=\"padding-top: 40px; padding-bottom: 40px; \"><div class=\"row-bg-wrap\" data-bg-animation=\"none\" data-bg-animation-delay=\"\" data-bg-overlay=\"false\"><div class=\"inner-wrap row-bg-layer\" ><div class=\"row-bg viewport-desktop\"  style=\"\"><\/div><\/div><\/div><div class=\"row_col_wrap_12 col span_12 dark left\">\n\t<div  class=\"vc_col-sm-12 wpb_column column_container vc_column_container col no-extra-padding\"  data-padding-pos=\"all\" data-has-bg-color=\"false\" data-bg-color=\"\" data-bg-opacity=\"1\" data-animation=\"\" data-delay=\"0\" >\n\t\t<div class=\"vc_column-inner\" >\n\t\t\t<div class=\"wpb_wrapper\">\n\t\t\t\t<div class=\"nectar-split-heading\" data-align=\"default\" data-m-align=\"inherit\" data-text-effect=\"default\" data-animation-type=\"default\" data-animation-delay=\"0\" data-animation-offset=\"\" data-m-rm-animation=\"\" data-stagger=\"\" data-custom-font-size=\"false\" ><div class=\"heading-line\" > <div><h2 style=\"text-align: justify;\"><span style=\"color: #c41215;\">Pol\u00edticas para estimular el acceso al cr\u00e9dito<\/span><\/h2> <\/div> <\/div><div class=\"heading-line\" > <div><ul> <\/div> <\/div><div class=\"heading-line\" > <div><li style=\"text-align: justify;\">Financiamiento de capital de trabajo e inversiones accessible en condiciones, tasas y plazos.<\/li> <\/div> <\/div><div class=\"heading-line\" > <div><li style=\"text-align: justify;\">L\u00edneas crediticias Banco Naci\u00f3n, BICE y Bancos Provinciales para prefinanciaci\u00f3n de exportaciones.<\/li> <\/div> <\/div><div class=\"heading-line\" > <div><\/ul> <\/div> <\/div><\/div><div class=\"nectar-split-heading\" data-align=\"default\" data-m-align=\"inherit\" data-text-effect=\"default\" data-animation-type=\"default\" data-animation-delay=\"0\" data-animation-offset=\"\" data-m-rm-animation=\"\" data-stagger=\"\" data-custom-font-size=\"false\" ><div class=\"heading-line\" > <div><ul> <\/div> <\/div><div class=\"heading-line\" > <div><li style=\"text-align: justify;\">L\u00edneas crediticias a 7 a\u00f1os de plazo con 2 a\u00f1os de gracia para inversiones productivas (nuevas plantaciones, construcci\u00f3n y modernizaci\u00f3n de empaques, obras e instalaciones de riego, coberturas contra granizo y lluvias, etc.).<\/li> <\/div> <\/div><div class=\"heading-line\" > <div><li style=\"text-align: justify;\">Descuento de cheques: herramienta clave para financiar al sector productivo. El Banco Naci\u00f3n debe tener una l\u00ednea para el descuento de cheques a una tasa de fomento.<\/li> <\/div> <\/div><div class=\"heading-line\" > <div><li style=\"text-align: justify;\">Simplificaci\u00f3n de tr\u00e1mites y requisitos para el acceso al financiamiento.<\/li> <\/div> <\/div><div class=\"heading-line\" > <div><\/ul> <\/div> <\/div><\/div><div class=\"nectar-split-heading\" data-align=\"default\" data-m-align=\"inherit\" data-text-effect=\"default\" data-animation-type=\"default\" data-animation-delay=\"0\" data-animation-offset=\"\" data-m-rm-animation=\"\" data-stagger=\"\" data-custom-font-size=\"false\" ><div class=\"heading-line\" > <div><ul> <\/div> <\/div><div class=\"heading-line\" > <div><li style=\"text-align: justify;\">Plan Empalme: el llamado \u201cempalme\u201d con el Programa Social no se produce inmediatamente despu\u00e9s de finalizada la relaci\u00f3n laboral (baja ante AFIP). Una parte de los beneficiarios de los planes temen quedarse sin \u201cempalme\u201d. Automatizar el cruce de datos entre ANSES y AFIP, para que el \u201cempalme\u201d se<br \/> <\/div> <\/div><div class=\"heading-line\" > <div>produzca de inmediato.<\/li> <\/div> <\/div><div class=\"heading-line\" > <div><li style=\"text-align: justify;\">REPRO: herramienta importante para sostener el empleo en tiempos de crisis. Es necesario mantener actualizado el monto mensual desembolsado por ANSES, en funci\u00f3n de los diversos ajustes salariales.<\/li> <\/div> <\/div><div class=\"heading-line\" > <div><li style=\"text-align: justify;\">Alta litigiosidad laboral: la posibilidad de realizar reclamos por doble v\u00eda (ART y Justicia) perjudica seriamente a las empresas y atenta contra el empleo y la inversi\u00f3n.<\/li> <\/div> <\/div><div class=\"heading-line\" > <div><\/ul> <\/div> <\/div><\/div>\n\t\t\t<\/div> \n\t\t<\/div>\n\t<\/div> \n<\/div><\/div>\n\t\t<div id=\"fws_69f1efc19481d\"  data-column-margin=\"default\" data-midnight=\"dark\"  class=\"wpb_row vc_row-fluid vc_row\"  style=\"padding-top: 40px; padding-bottom: 40px; \"><div class=\"row-bg-wrap\" data-bg-animation=\"none\" data-bg-animation-delay=\"\" data-bg-overlay=\"false\"><div class=\"inner-wrap row-bg-layer\" ><div class=\"row-bg viewport-desktop\"  style=\"\"><\/div><\/div><\/div><div class=\"row_col_wrap_12 col span_12 dark left\">\n\t<div  class=\"vc_col-sm-12 wpb_column column_container vc_column_container col no-extra-padding\"  data-padding-pos=\"all\" data-has-bg-color=\"false\" data-bg-color=\"\" data-bg-opacity=\"1\" data-animation=\"\" data-delay=\"0\" >\n\t\t<div class=\"vc_column-inner\" >\n\t\t\t<div class=\"wpb_wrapper\">\n\t\t\t\t<div class=\"nectar-split-heading\" data-align=\"default\" data-m-align=\"inherit\" data-text-effect=\"default\" data-animation-type=\"default\" data-animation-delay=\"0\" data-animation-offset=\"\" data-m-rm-animation=\"\" data-stagger=\"\" data-custom-font-size=\"false\" ><div class=\"heading-line\" > <div><h3 style=\"text-align: justify;\"><span style=\"color: #c41215;\">Autores: Adolfo Storni\u00a0 &amp; <\/span><span style=\"color: #c41215;\">Ernesto Saade\u00a0 (<a href=\"https:\/\/www.extraberries.com\/\" target=\"_blank\" rel=\"noopener noreferrer\">Extraberries S.A.)<\/a><\/span><\/h3> <\/div> <\/div><\/div>\n\t\t\t<\/div> \n\t\t<\/div>\n\t<\/div> \n<\/div><\/div>","protected":false},"excerpt":{"rendered":"Situaci\u00f3n actual de la fruticultura argentina Falta de rentabilidad. Alta presi\u00f3n impositiva. Impuestos distorsivos con...","protected":false},"author":2,"featured_media":6550,"comment_status":"closed","ping_status":"open","sticky":false,"template":"","format":"standard","meta":{"footnotes":""},"categories":[28],"tags":[24,158,155,159],"class_list":{"0":"post-6692","1":"post","2":"type-post","3":"status-publish","4":"format-standard","5":"has-post-thumbnail","7":"category-general","8":"tag-argentina","9":"tag-economia-regional","10":"tag-fruticultura","11":"tag-politica"},"_links":{"self":[{"href":"https:\/\/www.topinfo.com.ar\/en\/wp-json\/wp\/v2\/posts\/6692"}],"collection":[{"href":"https:\/\/www.topinfo.com.ar\/en\/wp-json\/wp\/v2\/posts"}],"about":[{"href":"https:\/\/www.topinfo.com.ar\/en\/wp-json\/wp\/v2\/types\/post"}],"author":[{"embeddable":true,"href":"https:\/\/www.topinfo.com.ar\/en\/wp-json\/wp\/v2\/users\/2"}],"replies":[{"embeddable":true,"href":"https:\/\/www.topinfo.com.ar\/en\/wp-json\/wp\/v2\/comments?post=6692"}],"version-history":[{"count":0,"href":"https:\/\/www.topinfo.com.ar\/en\/wp-json\/wp\/v2\/posts\/6692\/revisions"}],"wp:featuredmedia":[{"embeddable":true,"href":"https:\/\/www.topinfo.com.ar\/en\/wp-json\/wp\/v2\/media\/6550"}],"wp:attachment":[{"href":"https:\/\/www.topinfo.com.ar\/en\/wp-json\/wp\/v2\/media?parent=6692"}],"wp:term":[{"taxonomy":"category","embeddable":true,"href":"https:\/\/www.topinfo.com.ar\/en\/wp-json\/wp\/v2\/categories?post=6692"},{"taxonomy":"post_tag","embeddable":true,"href":"https:\/\/www.topinfo.com.ar\/en\/wp-json\/wp\/v2\/tags?post=6692"}],"curies":[{"name":"wp","href":"https:\/\/api.w.org\/{rel}","templated":true}]}}