{"id":6744,"date":"2020-07-03T14:53:51","date_gmt":"2020-07-03T17:53:51","guid":{"rendered":"http:\/\/www.topinfo.com.ar\/?p=6744"},"modified":"2020-07-03T15:09:24","modified_gmt":"2020-07-03T18:09:24","slug":"exportaciones-de-limones-a-la-union-europea","status":"publish","type":"post","link":"https:\/\/www.topinfo.com.ar\/en\/2020\/07\/03\/exportaciones-de-limones-a-la-union-europea\/","title":{"rendered":"Exportaciones de limones a la Uni\u00f3n Europea"},"content":{"rendered":"<div id=\"fws_69f2004e48a2c\"  data-column-margin=\"default\" data-midnight=\"dark\"  class=\"wpb_row vc_row-fluid vc_row\"  style=\"padding-top: 40px; padding-bottom: 40px; \"><div class=\"row-bg-wrap\" data-bg-animation=\"none\" data-bg-animation-delay=\"\" data-bg-overlay=\"false\"><div class=\"inner-wrap row-bg-layer\" ><div class=\"row-bg viewport-desktop\"  style=\"\"><\/div><\/div><\/div><div class=\"row_col_wrap_12 col span_12 dark left\">\n\t<div  class=\"vc_col-sm-12 wpb_column column_container vc_column_container col no-extra-padding\"  data-padding-pos=\"all\" data-has-bg-color=\"false\" data-bg-color=\"\" data-bg-opacity=\"1\" data-animation=\"\" data-delay=\"0\" >\n\t\t<div class=\"vc_column-inner\" >\n\t\t\t<div class=\"wpb_wrapper\">\n\t\t\t\t<div class=\"nectar-split-heading\" data-align=\"default\" data-m-align=\"inherit\" data-text-effect=\"default\" data-animation-type=\"default\" data-animation-delay=\"0\" data-animation-offset=\"\" data-m-rm-animation=\"\" data-stagger=\"\" data-custom-font-size=\"false\" ><div class=\"heading-line\" > <div><p style=\"text-align: justify;\">La Asociaci\u00f3n Citr\u00edcola del Noroeste Argentino (ACNOA) informa que, atento a las recientes intercepciones por Mancha Negra (<em>Phyllosticta Citricarpa<\/em>) en lotes de frutos frescos de lim\u00f3n de Argentina en algunos puntos de ingreso de la Uni\u00f3n Europea, se ha acordado con el Servicio Nacional de Sanidad y Calidad Agroalimentaria (SENASA) proceder a suspender voluntariamente a partir de ayer, 1 de julio de 2020, las actividades vinculadas a la certificaci\u00f3n de exportaci\u00f3n de este producto con destino a este mercado.\u00a0 La suspensi\u00f3n se realiza de forma temporaria y preventiva por 15 d\u00edas.\u00a0 SENASA y las autoridades sanitarias europeas est\u00e1n en permanente contacto para evaluar los pr\u00f3ximos pasos.<\/p> <\/div> <\/div><\/div><div class=\"nectar-split-heading\" data-align=\"default\" data-m-align=\"inherit\" data-text-effect=\"default\" data-animation-type=\"default\" data-animation-delay=\"0\" data-animation-offset=\"\" data-m-rm-animation=\"\" data-stagger=\"\" data-custom-font-size=\"false\" ><div class=\"heading-line\" > <div><p style=\"text-align: justify;\">Durante las pr\u00f3ximas dos semanas se llevar\u00e1 a cabo una investigaci\u00f3n exhaustiva de las causas de las intercepciones que han tenido lugar y una evaluaci\u00f3n de la situaci\u00f3n fitosanitaria de la fruta destinada a este mercado en relaci\u00f3n a esta plaga de preocupaci\u00f3n cuarentenaria de la Uni\u00f3n Europea.\u00a0 Esta informaci\u00f3n permitir\u00e1 elaborar un plan de acci\u00f3n junto a SENASA que incluir\u00e1 medidas reforzadas de control en diferentes puntos cr\u00edticos del proceso hasta el final de la campa\u00f1a de exportaci\u00f3n 2020, a fin de brindar a la parte europea las seguridades necesarias que minimicen el riesgo de esta plaga en pr\u00f3ximos embarques.<\/p> <\/div> <\/div><\/div><div class=\"nectar-split-heading\" data-align=\"default\" data-m-align=\"inherit\" data-text-effect=\"default\" data-animation-type=\"default\" data-animation-delay=\"0\" data-animation-offset=\"\" data-m-rm-animation=\"\" data-stagger=\"\" data-custom-font-size=\"false\" ><div class=\"heading-line\" > <div><p style=\"text-align: justify;\">Es necesario destacar que quedan exceptuados de esta suspensi\u00f3n todos los env\u00edos que fueran despachados de empaque antes de las 00:00 hs. del 1 de julio.\u00a0 Estos env\u00edos podr\u00e1n ingresar a puerto y ser exportados a la Uni\u00f3n Europea siempre que cumplan con todos los controles previos a ser consolidados.<\/p> <\/div> <\/div><\/div><div class=\"nectar-split-heading\" data-align=\"default\" data-m-align=\"inherit\" data-text-effect=\"default\" data-animation-type=\"default\" data-animation-delay=\"0\" data-animation-offset=\"\" data-m-rm-animation=\"\" data-stagger=\"\" data-custom-font-size=\"false\" ><div class=\"heading-line\" > <div><p style=\"text-align: justify;\">La Mancha Negra es una enfermedad causada por un hongo que se manifiesta por manchas negras en la piel del fruto, no afecta la inocuidad del mismo para el consumo humano y que algunos mercados, tienen exigencias respecto a la misma, dado que no se encuentra presente en su territorio.<\/p> <\/div> <\/div><\/div><div class=\"nectar-split-heading\" data-align=\"default\" data-m-align=\"inherit\" data-text-effect=\"default\" data-animation-type=\"default\" data-animation-delay=\"0\" data-animation-offset=\"\" data-m-rm-animation=\"\" data-stagger=\"\" data-custom-font-size=\"false\" ><div class=\"heading-line\" > <div><p style=\"text-align: justify;\">Pablo Padilla, presidente de ACNOA, destac\u00f3 que \u201cdesde marzo de este a\u00f1o ya se exportaron m\u00e1s de 100.000 toneladas de fruta de excelente calidad, la cual ingres\u00f3 sin problema al mercado europeo.\u00a0 El sector es plenamente consciente de los cuidados especiales que debemos tener para cumplir con las altas exigencias fitosanitarias y de calidad de la Uni\u00f3n Europea y de nuestros clientes, por lo que nos ha sorprendido el nivel de detecciones de esta enfermedad en los \u00faltimos embarques llegados a Europa.\u201d\u00a0 \u201cTeniendo en cuenta la importancia del mercado europeo para la citricultura del NOA, todos los integrantes de la cadena citr\u00edcola de las provincias de la regi\u00f3n, representadas por nuestra entidad, est\u00e1n plenamente comprometidos a colaborar con SENASA en las investigaciones y medidas de mitigaci\u00f3n de riesgos y control a implementar, tanto en lo que resta de la campa\u00f1a como en vista a las pr\u00f3ximas campa\u00f1as de exportaci\u00f3n\u201d, agreg\u00f3 Padilla.<\/p> <\/div> <\/div><\/div><div class=\"nectar-split-heading\" data-align=\"default\" data-m-align=\"inherit\" data-text-effect=\"default\" data-animation-type=\"default\" data-animation-delay=\"0\" data-animation-offset=\"\" data-m-rm-animation=\"\" data-stagger=\"\" data-custom-font-size=\"false\" ><div class=\"heading-line\" > <div><p style=\"text-align: justify;\">Argentina es el primer proveedor de limones frescos de la Uni\u00f3n Europea, que es a su vez el principal mercado de exportaci\u00f3n de nuestro pa\u00eds.\u00a0 Seg\u00fan datos del INDEC, en 2019 se exportaron 126.863 toneladas a este destino; es decir, 54% del total exportado al mundo.\u00a0 Por otra parte, la participaci\u00f3n argentina en el mercado europeo ronda el 25% del total.<\/p> <\/div> <\/div><\/div>\n\t\t\t<\/div> \n\t\t<\/div>\n\t<\/div> \n<\/div><\/div>\n\t\t<div id=\"fws_69f2004e4900c\"  data-column-margin=\"default\" data-midnight=\"dark\"  class=\"wpb_row vc_row-fluid vc_row\"  style=\"padding-top: 40px; padding-bottom: 40px; \"><div class=\"row-bg-wrap\" data-bg-animation=\"none\" data-bg-animation-delay=\"\" data-bg-overlay=\"false\"><div class=\"inner-wrap row-bg-layer\" ><div class=\"row-bg viewport-desktop\"  style=\"\"><\/div><\/div><\/div><div class=\"row_col_wrap_12 col span_12 dark left\">\n\t<div  class=\"vc_col-sm-12 wpb_column column_container vc_column_container col no-extra-padding\"  data-padding-pos=\"all\" data-has-bg-color=\"false\" data-bg-color=\"\" data-bg-opacity=\"1\" data-animation=\"\" data-delay=\"0\" >\n\t\t<div class=\"vc_column-inner\" >\n\t\t\t<div class=\"wpb_wrapper\">\n\t\t\t\t<div class=\"nectar-split-heading\" data-align=\"default\" data-m-align=\"inherit\" data-text-effect=\"default\" data-animation-type=\"default\" data-animation-delay=\"0\" data-animation-offset=\"\" data-m-rm-animation=\"\" data-stagger=\"\" data-custom-font-size=\"false\" ><div class=\"heading-line\" > <div><h3><span style=\"color: #c91415;\"><span style=\"color: #993300;\">Fuente: <a href=\"http:\/\/acnoa.com.ar\/exportaciones-de-limones-a-la-union-europea\/\" target=\"_blank\" rel=\"noopener noreferrer\">ACNOA<\/a><\/span><\/span><\/h3> <\/div> <\/div><div class=\"heading-line\" > <div><div id=\"gtx-trans\" style=\"position: absolute; left: 76px; top: 43.7188px;\"> <\/div> <\/div><div class=\"heading-line\" > <div><div class=\"gtx-trans-icon\"><\/div> <\/div> <\/div><div class=\"heading-line\" > <div><\/div> <\/div> <\/div><\/div>\n\t\t\t<\/div> \n\t\t<\/div>\n\t<\/div> \n<\/div><\/div>","protected":false},"excerpt":{"rendered":"La Asociaci\u00f3n Citr\u00edcola del Noroeste Argentino (ACNOA) informa que, atento a las recientes intercepciones por...","protected":false},"author":2,"featured_media":6747,"comment_status":"closed","ping_status":"open","sticky":false,"template":"","format":"audio","meta":{"footnotes":""},"categories":[1],"tags":[24,64,49,170,169],"class_list":{"0":"post-6744","1":"post","2":"type-post","3":"status-publish","4":"format-audio","5":"has-post-thumbnail","7":"category-citricos","8":"tag-argentina","9":"tag-exportacion","10":"tag-limon","11":"tag-mancha-negra","12":"tag-union-europea","13":"post_format-post-format-audio"},"_links":{"self":[{"href":"https:\/\/www.topinfo.com.ar\/en\/wp-json\/wp\/v2\/posts\/6744"}],"collection":[{"href":"https:\/\/www.topinfo.com.ar\/en\/wp-json\/wp\/v2\/posts"}],"about":[{"href":"https:\/\/www.topinfo.com.ar\/en\/wp-json\/wp\/v2\/types\/post"}],"author":[{"embeddable":true,"href":"https:\/\/www.topinfo.com.ar\/en\/wp-json\/wp\/v2\/users\/2"}],"replies":[{"embeddable":true,"href":"https:\/\/www.topinfo.com.ar\/en\/wp-json\/wp\/v2\/comments?post=6744"}],"version-history":[{"count":0,"href":"https:\/\/www.topinfo.com.ar\/en\/wp-json\/wp\/v2\/posts\/6744\/revisions"}],"wp:featuredmedia":[{"embeddable":true,"href":"https:\/\/www.topinfo.com.ar\/en\/wp-json\/wp\/v2\/media\/6747"}],"wp:attachment":[{"href":"https:\/\/www.topinfo.com.ar\/en\/wp-json\/wp\/v2\/media?parent=6744"}],"wp:term":[{"taxonomy":"category","embeddable":true,"href":"https:\/\/www.topinfo.com.ar\/en\/wp-json\/wp\/v2\/categories?post=6744"},{"taxonomy":"post_tag","embeddable":true,"href":"https:\/\/www.topinfo.com.ar\/en\/wp-json\/wp\/v2\/tags?post=6744"}],"curies":[{"name":"wp","href":"https:\/\/api.w.org\/{rel}","templated":true}]}}