{"id":7072,"date":"2021-03-26T08:47:21","date_gmt":"2021-03-26T11:47:21","guid":{"rendered":"http:\/\/www.topinfo.com.ar\/?p=7072"},"modified":"2021-03-26T08:49:34","modified_gmt":"2021-03-26T11:49:34","slug":"7072","status":"publish","type":"post","link":"https:\/\/www.topinfo.com.ar\/en\/2021\/03\/26\/7072\/","title":{"rendered":"Mandarinas Australes: Inicio con buenas perspectivas en EE.UU."},"content":{"rendered":"<div id=\"fws_69f1fa270bcaf\"  data-column-margin=\"default\" data-midnight=\"dark\"  class=\"wpb_row vc_row-fluid vc_row\"  style=\"padding-top: 0px; padding-bottom: 0px; \"><div class=\"row-bg-wrap\" data-bg-animation=\"none\" data-bg-animation-delay=\"\" data-bg-overlay=\"false\"><div class=\"inner-wrap row-bg-layer\" ><div class=\"row-bg viewport-desktop\"  style=\"\"><\/div><\/div><\/div><div class=\"row_col_wrap_12 col span_12 dark left\">\n\t<div  class=\"vc_col-sm-12 wpb_column column_container vc_column_container col no-extra-padding\"  data-padding-pos=\"all\" data-has-bg-color=\"false\" data-bg-color=\"\" data-bg-opacity=\"1\" data-animation=\"\" data-delay=\"0\" >\n\t\t<div class=\"vc_column-inner\" >\n\t\t\t<div class=\"wpb_wrapper\">\n\t\t\t\t\n<div class=\"wpb_text_column wpb_content_element\" >\n\t<div class=\"wpb_wrapper\">\n\t\t<p style=\"text-align: center;\"><strong>Newsletter 113 \u2013 24.03.2021<\/strong><\/p>\n\t<\/div>\n<\/div>\n\n\n\n\n<div class=\"wpb_text_column wpb_content_element\" >\n\t<div class=\"wpb_wrapper\">\n\t\t<p style=\"text-align: justify;\"><em>El inicio de la campa\u00f1a austral de mandarinas se presenta con buenas perspectivas en el mercado norteamericano. Confluyen varios factores: mayor demanda, buenos precios,\u00a0 y\u00a0 experiencia en el manejo de la pandemia. Adem\u00e1s, se esperan menores arribos al inicio de la campa\u00f1a. Sin embargo, no se deber\u00e1 subestimar el ritmo de embarques.<\/em><\/p>\n\t<\/div>\n<\/div>\n\n\n\n\n\t\t\t<\/div> \n\t\t<\/div>\n\t<\/div> \n<\/div><\/div>\n\t\t<div id=\"fws_69f1fa270c1f1\"  data-column-margin=\"default\" data-midnight=\"dark\"  class=\"wpb_row vc_row-fluid vc_row\"  style=\"padding-top: 40px; padding-bottom: 40px; \"><div class=\"row-bg-wrap\" data-bg-animation=\"none\" data-bg-animation-delay=\"\" data-bg-overlay=\"false\"><div class=\"inner-wrap row-bg-layer\" ><div class=\"row-bg viewport-desktop\"  style=\"\"><\/div><\/div><\/div><div class=\"row_col_wrap_12 col span_12 dark left\">\n\t<div  class=\"vc_col-sm-12 wpb_column column_container vc_column_container col no-extra-padding\"  data-padding-pos=\"all\" data-has-bg-color=\"false\" data-bg-color=\"\" data-bg-opacity=\"1\" data-animation=\"\" data-delay=\"0\" >\n\t\t<div class=\"vc_column-inner\" >\n\t\t\t<div class=\"wpb_wrapper\">\n\t\t\t\t<div class=\"nectar-split-heading\" data-align=\"default\" data-m-align=\"inherit\" data-text-effect=\"default\" data-animation-type=\"default\" data-animation-delay=\"0\" data-animation-offset=\"\" data-m-rm-animation=\"\" data-stagger=\"\" data-custom-font-size=\"false\" ><div class=\"heading-line\" > <div><h3><span style=\"color: #c91415;\">Mayor demanda en EE.UU.<\/span><\/h3> <\/div> <\/div><div class=\"heading-line\" > <div><p style=\"text-align: justify;\">A partir del inicio de las restricciones por la pandemia de Covid-19 en marzo 2020, la demanda por mandarinas creci\u00f3 en promedio 7-8% en valor (5-10% seg\u00fan la semana) comparado con 2019. En lo que va del 2021, el crecimiento de la demanda, comparado con 2020, es menor, pero sigue siendo positiva: creci\u00f3 3,2% en valor d\u00f3lar y 1,7% en volumen (aprox. enero 2021 contra enero 2020). Respecto a los precios al consumidor, tambi\u00e9n puede afirmarse que la mayor\u00eda de los packagings de clementinas y tangerinas est\u00e1n obteniendo, actualmente, precios superiores al 2020.<\/p> <\/div> <\/div><\/div><div class=\"nectar-split-heading\" data-align=\"default\" data-m-align=\"inherit\" data-text-effect=\"default\" data-animation-type=\"default\" data-animation-delay=\"0\" data-animation-offset=\"\" data-m-rm-animation=\"\" data-stagger=\"\" data-custom-font-size=\"false\" ><div class=\"heading-line\" > <div><p style=\"text-align: justify;\">Cabe se\u00f1alar que durante la \u00faltima d\u00e9cada el mercado de mandarinas australes ha crecido, especialmente para las variedades tard\u00edas, cuyo volumen se ha triplicado. Y esta tendencia contin\u00faa.<\/p> <\/div> <\/div><\/div>\n\t\t\t<\/div> \n\t\t<\/div>\n\t<\/div> \n<\/div><\/div>\n\t\t<div id=\"fws_69f1fa270c5e4\"  data-column-margin=\"default\" data-midnight=\"dark\"  class=\"wpb_row vc_row-fluid vc_row\"  style=\"padding-top: 40px; padding-bottom: 40px; \"><div class=\"row-bg-wrap\" data-bg-animation=\"none\" data-bg-animation-delay=\"\" data-bg-overlay=\"false\"><div class=\"inner-wrap row-bg-layer\" ><div class=\"row-bg viewport-desktop\"  style=\"\"><\/div><\/div><\/div><div class=\"row_col_wrap_12 col span_12 dark left\">\n\t<div  class=\"vc_col-sm-12 wpb_column column_container vc_column_container col no-extra-padding\"  data-padding-pos=\"all\" data-has-bg-color=\"false\" data-bg-color=\"\" data-bg-opacity=\"1\" data-animation=\"\" data-delay=\"0\" >\n\t\t<div class=\"vc_column-inner\" >\n\t\t\t<div class=\"wpb_wrapper\">\n\t\t\t\t<div class=\"nectar-split-heading\" data-align=\"default\" data-m-align=\"inherit\" data-text-effect=\"default\" data-animation-type=\"default\" data-animation-delay=\"0\" data-animation-offset=\"\" data-m-rm-animation=\"\" data-stagger=\"\" data-custom-font-size=\"false\" ><div class=\"heading-line\" > <div><h3><span style=\"color: #c91415;\">Precios actuales altos en EE.UU.<\/span><\/h3> <\/div> <\/div><div class=\"heading-line\" > <div><p style=\"text-align: justify;\">Uno de los principales indicadores de precios hacia el fin de la temporada de mandarinas del hemisferio norte en el mercado de EE.UU. es el de las mandarinas tard\u00edas de Marruecos. Este a\u00f1o, los precios de clementinas marroqu\u00edes durante enero 2021 fueron similares o ligeramente menores a los de 2020, pero a partir de febrero el mercado evolucion\u00f3 favorablemente, y los precios actuales superan ampliamente los de 2020.<\/p> <\/div> <\/div><\/div><div class=\"nectar-split-heading\" data-align=\"default\" data-m-align=\"inherit\" data-text-effect=\"default\" data-animation-type=\"default\" data-animation-delay=\"0\" data-animation-offset=\"\" data-m-rm-animation=\"\" data-stagger=\"\" data-custom-font-size=\"false\" ><div class=\"heading-line\" > <div><p style=\"text-align: justify;\">Actualmente (4ta semana de marzo) las Nadorcott de ese origen obtienen precios hasta 30% superiores a los de marzo 2020 y hasta 45% superiores a los de marzo 2019. Contribuye a esta evoluci\u00f3n favorable el packaging con valor agregado: las cajas de 10 x 3 lbs se han ido imponiendo en los \u00faltimos a\u00f1os, y especialmente desde el inicio de la pandemia, ya que evita el manoseo de la fruta en las g\u00f3ndolas.<\/p> <\/div> <\/div><\/div>\n\t\t\t<\/div> \n\t\t<\/div>\n\t<\/div> \n<\/div><\/div>\n\t\t<div id=\"fws_69f1fa270c946\"  data-column-margin=\"default\" data-midnight=\"dark\"  class=\"wpb_row vc_row-fluid vc_row\"  style=\"padding-top: 40px; padding-bottom: 40px; \"><div class=\"row-bg-wrap\" data-bg-animation=\"none\" data-bg-animation-delay=\"\" data-bg-overlay=\"false\"><div class=\"inner-wrap row-bg-layer\" ><div class=\"row-bg viewport-desktop\"  style=\"\"><\/div><\/div><\/div><div class=\"row_col_wrap_12 col span_12 dark left\">\n\t<div  class=\"vc_col-sm-12 wpb_column column_container vc_column_container col no-extra-padding\"  data-padding-pos=\"all\" data-has-bg-color=\"false\" data-bg-color=\"\" data-bg-opacity=\"1\" data-animation=\"\" data-delay=\"0\" >\n\t\t<div class=\"vc_column-inner\" >\n\t\t\t<div class=\"wpb_wrapper\">\n\t\t\t\t<div class=\"nectar-split-heading\" data-align=\"default\" data-m-align=\"inherit\" data-text-effect=\"default\" data-animation-type=\"default\" data-animation-delay=\"0\" data-animation-offset=\"\" data-m-rm-animation=\"\" data-stagger=\"\" data-custom-font-size=\"false\" ><div class=\"heading-line\" > <div><h3><span style=\"color: #c91415;\">Per\u00fa: esta temporada habr\u00e1 menos Satsumas<\/span><\/h3> <\/div> <\/div><div class=\"heading-line\" > <div><p style=\"text-align: justify;\">La experiencia en el manejo de la pandemia, en cuanto a protocolos en la cosecha y empaques, no ser\u00e1 un factor de retraso inicial en esta campa\u00f1a de Satsumas peruanas, como si lo fue el a\u00f1o pasado. Pero este a\u00f1o -seg\u00fan estimaciones privadas- la producci\u00f3n de Satsumas peruanas ser\u00e1 15-20% menor a la campa\u00f1a pasada (por problemas clim\u00e1ticos, menor floraci\u00f3n y cuaja, etc.). Sin embargo, tambi\u00e9n se est\u00e1 observando menores env\u00edos al mercado local, de manera que seguramente la cantidad exportable s\u00f3lo ligeramente menor al 2020. A nuestro parecer, una menor cantidad inicial de mandarinas australes (principalmente Satsumas) har\u00e1 fortalecer el mercado, resultando en precios altos durante un per\u00edodo m\u00e1s largo, beneficiando el segundo tramo de la campa\u00f1a (fin de julio, agosto, septiembre).<\/p> <\/div> <\/div><\/div><div class=\"nectar-split-heading\" data-align=\"default\" data-m-align=\"inherit\" data-text-effect=\"default\" data-animation-type=\"default\" data-animation-delay=\"0\" data-animation-offset=\"\" data-m-rm-animation=\"\" data-stagger=\"\" data-custom-font-size=\"false\" ><div class=\"heading-line\" > <div><p style=\"text-align: justify;\">Al presente, las Satsumas peruanas est\u00e1n tardando en tomar color, debido a temperaturas nocturnas mayores a lo habitual. A pesar de que los primeros arribos se produzcan probablemente a mediados de abril, la campa\u00f1a reci\u00e9n tomar\u00e1 auge durante mayo. Al momento de escribir este art\u00edculo, no se hab\u00edan realizado embarques de Satsuma a EE.UU., pero s\u00ed al norte de Europa y a UK.<\/p> <\/div> <\/div><\/div>\n\t\t\t<\/div> \n\t\t<\/div>\n\t<\/div> \n<\/div><\/div>\n\t\t<div id=\"fws_69f1fa270cc9d\"  data-column-margin=\"default\" data-midnight=\"dark\"  class=\"wpb_row vc_row-fluid vc_row\"  style=\"padding-top: 40px; padding-bottom: 40px; \"><div class=\"row-bg-wrap\" data-bg-animation=\"none\" data-bg-animation-delay=\"\" data-bg-overlay=\"false\"><div class=\"inner-wrap row-bg-layer\" ><div class=\"row-bg viewport-desktop\"  style=\"\"><\/div><\/div><\/div><div class=\"row_col_wrap_12 col span_12 dark left\">\n\t<div  class=\"vc_col-sm-12 wpb_column column_container vc_column_container col no-extra-padding\"  data-padding-pos=\"all\" data-has-bg-color=\"false\" data-bg-color=\"\" data-bg-opacity=\"1\" data-animation=\"\" data-delay=\"0\" >\n\t\t<div class=\"vc_column-inner\" >\n\t\t\t<div class=\"wpb_wrapper\">\n\t\t\t\t<div class=\"nectar-split-heading\" data-align=\"default\" data-m-align=\"inherit\" data-text-effect=\"default\" data-animation-type=\"default\" data-animation-delay=\"0\" data-animation-offset=\"\" data-m-rm-animation=\"\" data-stagger=\"\" data-custom-font-size=\"false\" ><div class=\"heading-line\" > <div><h3><span style=\"color: #c91415;\">Chile: Desarrollo normal<\/span><\/h3> <\/div> <\/div><div class=\"heading-line\" > <div><p style=\"text-align: justify;\">Las clementinas chilenas se encuentran en estado de crecimiento; al momento la informaci\u00f3n proveniente de ese pa\u00eds indica un desarrollo normal en la mayor\u00eda de los valles. Si bien en el norte hay situaciones de d\u00e9ficit h\u00eddrico, en el centro del pa\u00eds la provisi\u00f3n de agua es normal. Se espera una producci\u00f3n ligeramente superior al 2020.<\/p> <\/div> <\/div><\/div>\n\t\t\t<\/div> \n\t\t<\/div>\n\t<\/div> \n<\/div><\/div>\n\t\t<div id=\"fws_69f1fa270cfac\"  data-column-margin=\"default\" data-midnight=\"dark\"  class=\"wpb_row vc_row-fluid vc_row\"  style=\"padding-top: 40px; padding-bottom: 40px; \"><div class=\"row-bg-wrap\" data-bg-animation=\"none\" data-bg-animation-delay=\"\" data-bg-overlay=\"false\"><div class=\"inner-wrap row-bg-layer\" ><div class=\"row-bg viewport-desktop\"  style=\"\"><\/div><\/div><\/div><div class=\"row_col_wrap_12 col span_12 dark left\">\n\t<div  class=\"vc_col-sm-12 wpb_column column_container vc_column_container col no-extra-padding\"  data-padding-pos=\"all\" data-has-bg-color=\"false\" data-bg-color=\"\" data-bg-opacity=\"1\" data-animation=\"\" data-delay=\"0\" >\n\t\t<div class=\"vc_column-inner\" >\n\t\t\t<div class=\"wpb_wrapper\">\n\t\t\t\t<div class=\"nectar-split-heading\" data-align=\"default\" data-m-align=\"inherit\" data-text-effect=\"default\" data-animation-type=\"default\" data-animation-delay=\"0\" data-animation-offset=\"\" data-m-rm-animation=\"\" data-stagger=\"\" data-custom-font-size=\"false\" ><div class=\"heading-line\" > <div><h3><span style=\"color: #c91415;\">Palabra final: un adecuado ritmo semanal de embarques y arribos<\/span><\/h3> <\/div> <\/div><div class=\"heading-line\" > <div><p style=\"text-align: justify;\">La palabra final, sin embargo, la tiene el ritmo semanal de arribos, especialmente al inicio de la temporada austral. Todas las previsiones o estimaciones optimistas son in\u00fatiles si el ritmo semanal de arribos se altera. Un exceso del mismo puede saturar los canales, y hacer caer los precios, dificultando o inclusive impidiendo su recuperaci\u00f3n posterior, arruinando la campa\u00f1a de mandarinas tard\u00edas.<\/p> <\/div> <\/div><\/div>\n\t\t\t<\/div> \n\t\t<\/div>\n\t<\/div> \n<\/div><\/div>\n\t\t<div id=\"fws_69f1fa270d2b7\"  data-column-margin=\"default\" data-midnight=\"dark\"  class=\"wpb_row vc_row-fluid vc_row\"  style=\"padding-top: 0px; padding-bottom: 0px; \"><div class=\"row-bg-wrap\" data-bg-animation=\"none\" data-bg-animation-delay=\"\" data-bg-overlay=\"false\"><div class=\"inner-wrap row-bg-layer\" ><div class=\"row-bg viewport-desktop\"  style=\"\"><\/div><\/div><\/div><div class=\"row_col_wrap_12 col span_12 dark left\">\n\t<div  class=\"vc_col-sm-12 wpb_column column_container vc_column_container col no-extra-padding\"  data-padding-pos=\"all\" data-has-bg-color=\"false\" data-bg-color=\"\" data-bg-opacity=\"1\" data-animation=\"\" data-delay=\"0\" >\n\t\t<div class=\"vc_column-inner\" >\n\t\t\t<div class=\"wpb_wrapper\">\n\t\t\t\t\n<div class=\"wpb_text_column wpb_content_element\" >\n\t<div class=\"wpb_wrapper\">\n\t\t<h4><span style=\"color: #c91415;\">Autor: Ing.Agr. Nicol\u00e1s Szentiv\u00e1nyi <\/span><\/h4>\n\t<\/div>\n<\/div>\n\n\n\n\n\t\t\t<\/div> \n\t\t<\/div>\n\t<\/div> \n<\/div><\/div>","protected":false},"excerpt":{"rendered":"Newsletter 113 \u2013 24.03.2021 El inicio de la campa\u00f1a austral de mandarinas se presenta con...","protected":false},"author":1,"featured_media":7073,"comment_status":"closed","ping_status":"open","sticky":false,"template":"","format":"standard","meta":{"footnotes":""},"categories":[1],"tags":[16,99,34,98,173,17,208,209],"class_list":{"0":"post-7072","1":"post","2":"type-post","3":"status-publish","4":"format-standard","5":"has-post-thumbnail","7":"category-citricos","8":"tag-chile","9":"tag-citricos","10":"tag-eeuu","11":"tag-mandarina","12":"tag-pandemia","13":"tag-peru","14":"tag-satsuma","15":"tag-temporada-asutral"},"_links":{"self":[{"href":"https:\/\/www.topinfo.com.ar\/en\/wp-json\/wp\/v2\/posts\/7072"}],"collection":[{"href":"https:\/\/www.topinfo.com.ar\/en\/wp-json\/wp\/v2\/posts"}],"about":[{"href":"https:\/\/www.topinfo.com.ar\/en\/wp-json\/wp\/v2\/types\/post"}],"author":[{"embeddable":true,"href":"https:\/\/www.topinfo.com.ar\/en\/wp-json\/wp\/v2\/users\/1"}],"replies":[{"embeddable":true,"href":"https:\/\/www.topinfo.com.ar\/en\/wp-json\/wp\/v2\/comments?post=7072"}],"version-history":[{"count":0,"href":"https:\/\/www.topinfo.com.ar\/en\/wp-json\/wp\/v2\/posts\/7072\/revisions"}],"wp:featuredmedia":[{"embeddable":true,"href":"https:\/\/www.topinfo.com.ar\/en\/wp-json\/wp\/v2\/media\/7073"}],"wp:attachment":[{"href":"https:\/\/www.topinfo.com.ar\/en\/wp-json\/wp\/v2\/media?parent=7072"}],"wp:term":[{"taxonomy":"category","embeddable":true,"href":"https:\/\/www.topinfo.com.ar\/en\/wp-json\/wp\/v2\/categories?post=7072"},{"taxonomy":"post_tag","embeddable":true,"href":"https:\/\/www.topinfo.com.ar\/en\/wp-json\/wp\/v2\/tags?post=7072"}],"curies":[{"name":"wp","href":"https:\/\/api.w.org\/{rel}","templated":true}]}}